{"id":63821,"date":"2019-10-09T06:30:00","date_gmt":"2019-10-09T10:30:00","guid":{"rendered":"https:\/\/linitiative.ca\/International\/combat-de-coqs-au-mp\/"},"modified":"2019-10-09T06:30:00","modified_gmt":"2019-10-09T10:30:00","slug":"combat-de-coqs-au-mp","status":"publish","type":"post","link":"https:\/\/linitiative.ca\/International\/combat-de-coqs-au-mp\/","title":{"rendered":"Combat de coqs au MP"},"content":{"rendered":"<div readability=\"37\">\n<p>Un spectacle d\u00e9solant, n\u00e9 de la confrontation de 2 courants<\/p>\n<p>Intervention des forces de police pour remettre de l\u2019ordre<\/p>\n<p>Des \u00e9v\u00e8nements similaires ont marqu\u00e9 les r\u00e9unions d\u2019autres partis<\/p>\n<\/div>\n<div readability=\"141\">\n<p class=\"rtejustify\">L\u2019opinion publique commence \u00e0 s\u2019habituer aux affrontements physiques au sein des partis politiques. Le spectacle d\u00e9solant des responsables, cens\u00e9s fournir l\u2019Etat en \u00e9lites politiques charg\u00e9es de gouverner et de l\u00e9gif\u00e9rer, montre l\u2019ampleur des dysfonctionnements.<\/p>\n<p class=\"rtejustify\">Le dernier en date a eu comme d\u00e9cor le si\u00e8ge du Mouvement populaire (MP) o\u00f9 le conseil national de sa jeunesse devait \u00e9lire dimanche dernier ses instances. Une s\u00e9ance devait \u00eatre ouverte par le secr\u00e9taire g\u00e9n\u00e9ral du parti, Mohand Laenser. Elle s\u2019est vite transform\u00e9e en ring avec des bagarres rang\u00e9es, au point que les uns lan\u00e7aient sur les autres des chaises blanches, visiblement d\u2019un traiteur. Les heurts sont n\u00e9s entre deux courants qui s\u2019accusaient de falsification des listes, apr\u00e8s avoir \u00e9t\u00e9 incapables de se mettre d\u2019accord sur une seule liste. Du coup, les tensions se sont exacerb\u00e9es. \u00a0<\/p>\n<p class=\"rtejustify\">Les responsables se sont retrouv\u00e9s dans l\u2019obligation de faire appel aux forces de police pour remettre de l\u2019ordre dans le b\u00e2timent. Finalement, ces affrontements ont abouti \u00e0 l\u2019arrestation de 7 militants et le transport de 2 bless\u00e9s vers l\u2019h\u00f4pital. Apr\u00e8s cet incident, les travaux du conseil national ont repris au milieu d\u2019un dispositif s\u00e9curitaire renforc\u00e9. Il a fallu s\u2019assurer de l\u2019identit\u00e9 des participants, en limitant la pr\u00e9sence aux seuls membres du conseil national.<\/p>\n<p class=\"rtejustify\">Ainsi, l\u2019assistance a \u00e9lu la liste attendue, avec le pr\u00e9sident Isma\u00efl Talhikt, son adjoint et les membres du bureau ex\u00e9cutif. Dans cette affaire, Mohand Laenser a regrett\u00e9 cet incident en montrant du doigt le chef de file de la 2e liste qui scandait des slogans hostiles \u00e0 l\u2019instar du \u00abnon \u00e0 l\u2019exclusion\u00bb, \u00abnon \u00e0 la falsification\u00bb qui a cr\u00e9\u00e9 l\u2019anarchie \u00e0 l\u2019int\u00e9rieur du si\u00e8ge du MP.<\/p>\n<p class=\"rtecenter\"><strong>Au PPS, \u00e0 l\u2019Istiqlal, au PAM aussi&#8230;<\/strong><\/p>\n<p class=\"rtejustify\">Deux jours auparavant, le clash de Nabil Benabdallah \u00e0 la fin de la r\u00e9union du comit\u00e9 central du PPS a fait le tour des r\u00e9seaux sociaux. Cette sortie de route a \u00e9t\u00e9 aliment\u00e9e par un accrochage entre Anas Doukkali et Charafat Afailal, o\u00f9 le ministre de la Sant\u00e9 accusa la direction du parti d\u2019avoir falsifi\u00e9 les r\u00e9sultats du vote du comit\u00e9 central.<\/p>\n<p class=\"rtejustify\">Pourtant, le score a \u00e9t\u00e9 \u00e9crasant: 235 pour la sortie du gouvernement, 35 contre et 6 abstentions. Les mauvaises langues affirment qu\u2019il voulait que le parti reste dans la majorit\u00e9, avec la promesse de garder un poste minist\u00e9riel autre que la Sant\u00e9, surdimensionn\u00e9 pour lui.<\/p>\n<p class=\"rtejustify\">Au PAM, le coup de t\u00eate de Brahim El Joumani donn\u00e9 au secr\u00e9taire g\u00e9n\u00e9ral de son parti est rest\u00e9 dans les m\u00e9moires. Hakim Benchamach n\u2019avait pris aucune sanction contre le fautif, ce qui a ouvert la porte \u00e0 de multiples d\u00e9passements et insubordinations dont il essuie encore les cons\u00e9quences.<\/p>\n<p class=\"rtecenter\"><strong>Incapables d\u2019inculquer une discipline<\/strong><\/p>\n<p class=\"rtejustify\">Autre s\u00e9quence qui avait aussi marqu\u00e9 les esprits: les assiettes qui volaient dans le congr\u00e8s de l\u2019Istiqlal. Auparavant, le coup de poing que Hamid Chabat a ass\u00e9n\u00e9 \u00e0 Aziz Lebbar, juste \u00e0 la sortie de l\u2019h\u00e9micycle apr\u00e8s le discours royal de l\u2019ouverture de la session d\u2019automne. Edifiant!<\/p>\n<p class=\"rtejustify\">De son c\u00f4t\u00e9, l\u2019USFP n\u2019est pas exempt de critiques. Son si\u00e8ge a connu en janvier dernier un accrochage retentissant lorsqu\u2019une militante s\u2019est vue interdire l\u2019acc\u00e8s par un agent de s\u00e9curit\u00e9 qui agissait sur ordre du premier secr\u00e9taire Driss Lachgar. Elle avait largement utilis\u00e9 l\u2019image de cette s\u00e9quence sur les r\u00e9seaux sociaux.<\/p>\n<p class=\"rtejustify\">Le PJD se distingue des autres formations par sa discipline. Les contestataires se limitent aux r\u00e9seaux sociaux pour exprimer leurs d\u00e9saccords. Ce qui avait pouss\u00e9 Sa\u00e2deddine El Othmani et avant lui Abdelilah Benkirane \u00e0 interdire aux membres du parti de se prononcer sur certains dossiers. Pourtant, des interventions sur le web, notamment de Benkirane sur la loi-cadre, avaient r\u00e9ussi \u00e0 cr\u00e9er la zizanie au sein de cette formation.<\/p>\n<p class=\"rtejustify\">En tout cas, ces d\u00e9sordres tirent les dirigeants vers le bas du fait qu\u2019ils \u00e9taient incapables d\u2019inculquer une discipline au sein des partis qu\u2019ils dirigent&#8230; Ces dysfonctionnements s\u2019expliquent par l\u2019absence de d\u00e9mocratie interne, bas\u00e9e sur le respect de l\u2019avis d\u2019autrui et l\u2019application stricte des r\u00e8glements int\u00e9rieurs des partis. Ces difficult\u00e9s sont amplifi\u00e9es par le manque de transparence de ces dirigeants au point que les partis ne disposent pas de banques de donn\u00e9es sur leurs militants. Officiellement, ces derniers ne sont pas tous connus.<\/p>\n<p class=\"rtejustify\">L\u2019autre \u00e9l\u00e9ment qui explique ces violences dans les partis r\u00e9side dans le fait que les dirigeants marocains pr\u00e9parent \u00e0 l\u2019avance le contr\u00f4le du prochain congr\u00e8s. En ayant la mainmise sur les \u00e9lections des membres du conseil national et des organisations parall\u00e8les, particuli\u00e8rement celle des femmes, des jeunes et des structures professionnelles, ils auront la main sur le sort du congr\u00e8s \u00e0 venir. Surtout que ces forces repr\u00e9sentent au moins 30% de l\u2019\u00e9lectorat lors du congr\u00e8s.<\/p>\n<p class=\"rtejustify\">Comme cela, ils s\u2019organisent pour gagner, sans pr\u00eater\u00a0 attention aux autres valeurs de la d\u00e9mocratie. Leurs interventions dans les affaires internes des organisations parall\u00e8les du parti expliquent en partie pourquoi ils durent \u00e0 la t\u00eate de leurs formations. Et c\u2019est ainsi que les frustrations se d\u00e9veloppent d\u00e9bouchant sur des brutalit\u00e9s.<\/p>\n<blockquote readability=\"13\">\n<p class=\"rtecenter\"><strong><span class=\"c4\">Indigence<\/span><\/strong><\/p>\n<p class=\"rtejustify\">Ce ph\u00e9nom\u00e8ne de violence montre l\u2019indigence des formations en mati\u00e8re d\u2019encadrement et d\u2019\u00e9ducation politique. Ce d\u00e9ficit constat\u00e9 chez la majorit\u00e9 des jeunes, des femmes et des autres organisations parall\u00e8les les pousse \u00e0 vouloir d\u00e9crocher au plus vite et par tous les moyens des postes de responsabilit\u00e9. Ils veulent devenir ministre, parlementaire, maire,\u2026 C\u2019est pour cela qu\u2019une v\u00e9ritable mise \u00e0 niveau, et un r\u00e9el contr\u00f4le financier r\u00e9gulier sont imp\u00e9ratifs. La loi sur les partis n\u2019a pas r\u00e9ussi \u00e0 aboutir aux r\u00e9sultats escompt\u00e9s.\u00a0<\/p>\n<\/blockquote>\n<p class=\"rtejustify\"><em>M.C.<\/em><\/p>\n<\/div>\n<p>Auteur: hlafriqi<br \/>\n<a href=\"https:\/\/www.leconomiste.com\/article\/1051363-combat-de-coqs-au-mp\">Cliquez ici pour lire l&rsquo;article depuis sa source.<\/a><\/p>\n","protected":false},"excerpt":{"rendered":"<p>Un spectacle d\u00e9solant, n\u00e9 de la confrontation de 2 courants Intervention des forces de police pour remettre de l\u2019ordre Des \u00e9v\u00e8nements similaires ont marqu\u00e9 les r\u00e9unions d\u2019autres partis L\u2019opinion publique commence \u00e0 s\u2019habituer aux affrontements physiques au sein des partis politiques. Le spectacle d\u00e9solant des responsables, cens\u00e9s fournir l\u2019Etat en \u00e9lites politiques charg\u00e9es de gouverner [&hellip;]<\/p>\n","protected":false},"author":1763,"featured_media":0,"comment_status":"closed","ping_status":"closed","sticky":false,"template":"","format":"standard","meta":{"fifu_image_url":"","fifu_image_alt":"","footnotes":""},"categories":[78,54],"tags":[],"class_list":["post-63821","post","type-post","status-publish","format-standard","hentry","category-economie","category-maroc"],"_links":{"self":[{"href":"https:\/\/linitiative.ca\/International\/wp-json\/wp\/v2\/posts\/63821","targetHints":{"allow":["GET"]}}],"collection":[{"href":"https:\/\/linitiative.ca\/International\/wp-json\/wp\/v2\/posts"}],"about":[{"href":"https:\/\/linitiative.ca\/International\/wp-json\/wp\/v2\/types\/post"}],"author":[{"embeddable":true,"href":"https:\/\/linitiative.ca\/International\/wp-json\/wp\/v2\/users\/1763"}],"replies":[{"embeddable":true,"href":"https:\/\/linitiative.ca\/International\/wp-json\/wp\/v2\/comments?post=63821"}],"version-history":[{"count":0,"href":"https:\/\/linitiative.ca\/International\/wp-json\/wp\/v2\/posts\/63821\/revisions"}],"wp:attachment":[{"href":"https:\/\/linitiative.ca\/International\/wp-json\/wp\/v2\/media?parent=63821"}],"wp:term":[{"taxonomy":"category","embeddable":true,"href":"https:\/\/linitiative.ca\/International\/wp-json\/wp\/v2\/categories?post=63821"},{"taxonomy":"post_tag","embeddable":true,"href":"https:\/\/linitiative.ca\/International\/wp-json\/wp\/v2\/tags?post=63821"}],"curies":[{"name":"wp","href":"https:\/\/api.w.org\/{rel}","templated":true}]}}