{"id":63822,"date":"2019-10-09T07:00:00","date_gmt":"2019-10-09T11:00:00","guid":{"rendered":"https:\/\/linitiative.ca\/International\/contestation-en-irak\/"},"modified":"2019-10-09T07:00:00","modified_gmt":"2019-10-09T11:00:00","slug":"contestation-en-irak","status":"publish","type":"post","link":"https:\/\/linitiative.ca\/International\/contestation-en-irak\/","title":{"rendered":"Contestation en Irak"},"content":{"rendered":"<p class=\"rtejustify\">L&rsquo;arm\u00e9e irakienne a admis, hier lundi, un usage excessif de la force lors du mouvement de contestation marqu\u00e9 par des violences sanglantes. Et ce, le jour m\u00eame o\u00f9 une force paramilitaire s&rsquo;est dit pr\u00eate \u00e0 intervenir pour soutenir le gouvernement. Les autorit\u00e9s ont multipli\u00e9 les annonces de mesures sociales pour tenter d&rsquo;apaiser la col\u00e8re de manifestants. Aussi, des attaques contre des m\u00e9dias en Irak inqui\u00e8tent l&rsquo;ONU et les d\u00e9fenseurs de la libert\u00e9 de la presse. Hier, lundi, le Conseil supr\u00eame de la magistrature a r\u00e9clam\u00e9 des mesures judiciaires contre ceux qui ont attaqu\u00e9 des cha\u00eenes de t\u00e9l\u00e9vision.<\/p>\n<p class=\"rtejustify\">\u00a0<\/p>\n<p>Auteur: hlafriqi<br \/>\n<a href=\"https:\/\/www.leconomiste.com\/article\/1051397-contestation-en-irak\">Cliquez ici pour lire l&rsquo;article depuis sa source.<\/a><\/p>\n","protected":false},"excerpt":{"rendered":"<p>L&rsquo;arm\u00e9e irakienne a admis, hier lundi, un usage excessif de la force lors du mouvement de contestation marqu\u00e9 par des violences sanglantes. Et ce, le jour m\u00eame o\u00f9 une force paramilitaire s&rsquo;est dit pr\u00eate \u00e0 intervenir pour soutenir le gouvernement. Les autorit\u00e9s ont multipli\u00e9 les annonces de mesures sociales pour tenter d&rsquo;apaiser la col\u00e8re de [&hellip;]<\/p>\n","protected":false},"author":1763,"featured_media":0,"comment_status":"closed","ping_status":"closed","sticky":false,"template":"","format":"standard","meta":{"fifu_image_url":"","fifu_image_alt":"","footnotes":""},"categories":[78,54],"tags":[],"class_list":["post-63822","post","type-post","status-publish","format-standard","hentry","category-economie","category-maroc"],"_links":{"self":[{"href":"https:\/\/linitiative.ca\/International\/wp-json\/wp\/v2\/posts\/63822","targetHints":{"allow":["GET"]}}],"collection":[{"href":"https:\/\/linitiative.ca\/International\/wp-json\/wp\/v2\/posts"}],"about":[{"href":"https:\/\/linitiative.ca\/International\/wp-json\/wp\/v2\/types\/post"}],"author":[{"embeddable":true,"href":"https:\/\/linitiative.ca\/International\/wp-json\/wp\/v2\/users\/1763"}],"replies":[{"embeddable":true,"href":"https:\/\/linitiative.ca\/International\/wp-json\/wp\/v2\/comments?post=63822"}],"version-history":[{"count":0,"href":"https:\/\/linitiative.ca\/International\/wp-json\/wp\/v2\/posts\/63822\/revisions"}],"wp:attachment":[{"href":"https:\/\/linitiative.ca\/International\/wp-json\/wp\/v2\/media?parent=63822"}],"wp:term":[{"taxonomy":"category","embeddable":true,"href":"https:\/\/linitiative.ca\/International\/wp-json\/wp\/v2\/categories?post=63822"},{"taxonomy":"post_tag","embeddable":true,"href":"https:\/\/linitiative.ca\/International\/wp-json\/wp\/v2\/tags?post=63822"}],"curies":[{"name":"wp","href":"https:\/\/api.w.org\/{rel}","templated":true}]}}