{"id":63824,"date":"2019-10-09T07:30:00","date_gmt":"2019-10-09T11:30:00","guid":{"rendered":"https:\/\/linitiative.ca\/International\/la-medecine-ouvre-la-nouvelle-saison-des-nobel\/"},"modified":"2019-10-09T07:30:00","modified_gmt":"2019-10-09T11:30:00","slug":"la-medecine-ouvre-la-nouvelle-saison-des-nobel","status":"publish","type":"post","link":"https:\/\/linitiative.ca\/International\/la-medecine-ouvre-la-nouvelle-saison-des-nobel\/","title":{"rendered":"La m\u00e9decine ouvre la nouvelle saison des Nobel"},"content":{"rendered":"<div class=\"dnd-atom-wrapper type-image context-sdl_editor_representation\" contenteditable=\"false\">\n<div class=\"dnd-drop-wrapper image\"><img loading=\"lazy\" decoding=\"async\" typeof=\"foaf:Image\" class=\"img-responsive\" src=\"https:\/\/www.leconomiste.com\/sites\/default\/files\/eco7\/public\/thumbnails\/image\/prix-nobel-medecine-008.jpg\" width=\"660\" height=\"330\" alt=\"prix-nobel-medecine-008.jpg\" title=\"prix-nobel-medecine-008.jpg\"\/><\/div>\n<\/div>\n<p class=\"rtejustify\">Le prix de m\u00e9decine a ouvert hier lundi la saison Nobel en r\u00e9compensant deux Am\u00e9ricains et un Britannique. Leurs travaux sur l\u2019adaptation des cellules aux besoins en oxyg\u00e8ne ouvrent des perspectives dans le traitement du cancer et de l\u2019an\u00e9mie.<\/p>\n<p class=\"rtejustify\">Les chercheurs am\u00e9ricains William Kaelin et Gregg Semenza et leur coll\u00e8gue britannique Sir Peter Ratcliffe ont \u00e9t\u00e9 distingu\u00e9s par le prix de m\u00e9decine pour avoir \u00abr\u00e9v\u00e9l\u00e9 les m\u00e9canismes mol\u00e9culaires \u00e0 l\u2019oeuvre dans l\u2019adaptation des cellules \u00e0 l\u2019apport variable d\u2019oxyg\u00e8ne dans l\u2019organisme\u00bb, a expliqu\u00e9 l\u2019Assembl\u00e9e Nobel de l\u2019Institut Karolinska \u00e0 Stockholm, qui avait re\u00e7u 633 nominations cette ann\u00e9e.<\/p>\n<p class=\"rtejustify\">Les co-laur\u00e9ats du prix de physiologie ou m\u00e9decine se partageront la somme de 9 millions de couronnes (830.000 euros). Ils recevront leur m\u00e9daille et leur dipl\u00f4me lors d\u2019une c\u00e9r\u00e9monie le 10 d\u00e9cembre \u00e0 Stockholm.<\/p>\n<p class=\"rtejustify\">La saison Nobel se poursuivra mardi 8 octobre avec la physique puis la chimie mercredi. Jeudi, l\u2019Acad\u00e9mie su\u00e9doise d\u00e9cernera deux prix de litt\u00e9rature, l\u2019un pour 2018, l\u2019autre pour 2019. Le prestigieux Nobel de la paix sera d\u00e9cern\u00e9 vendredi \u00e0 Oslo.<\/p>\n<p class=\"rtejustify\">Les bookmakers ont pour favorite la jeune Su\u00e9doise Greta Thunberg, \u00e9g\u00e9rie de la lutte contre le d\u00e9r\u00e8glement climatique, pour succ\u00e9der au m\u00e9decin congolais Denis Mukwege et \u00e0 la Yazidie Nadia Murad, h\u00e9rauts du combat contre les violences sexuelles dans les conflits arm\u00e9s.<\/p>\n<p class=\"rtejustify\">Parmi les nob\u00e9lisables sont aussi cit\u00e9s le Premier ministre \u00e9thiopien Abiy Ahmed, artisan de la r\u00e9conciliation avec l\u2019Erythr\u00e9e, et des ONG comme Reporters sans fronti\u00e8res (RSF) et le Comit\u00e9 pour la protection des journalistes (CPJ). Le prix d\u2019\u00e9conomie, cr\u00e9\u00e9 en 1968 \u00e0 l\u2019occasion du centenaire de la Banque de Su\u00e8de, clora la saison lundi 14 octobre.<\/p>\n<p>Auteur: hlafriqi<br \/>\n<a href=\"https:\/\/www.leconomiste.com\/article\/1051332-la-medecine-ouvre-la-nouvelle-saison-des-nobel\">Cliquez ici pour lire l&rsquo;article depuis sa source.<\/a><\/p>\n","protected":false},"excerpt":{"rendered":"<p>Le prix de m\u00e9decine a ouvert hier lundi la saison Nobel en r\u00e9compensant deux Am\u00e9ricains et un Britannique. Leurs travaux sur l\u2019adaptation des cellules aux besoins en oxyg\u00e8ne ouvrent des perspectives dans le traitement du cancer et de l\u2019an\u00e9mie. Les chercheurs am\u00e9ricains William Kaelin et Gregg Semenza et leur coll\u00e8gue britannique Sir Peter Ratcliffe ont [&hellip;]<\/p>\n","protected":false},"author":1763,"featured_media":63825,"comment_status":"closed","ping_status":"closed","sticky":false,"template":"","format":"standard","meta":{"fifu_image_url":"","fifu_image_alt":"","footnotes":""},"categories":[78,54],"tags":[],"class_list":["post-63824","post","type-post","status-publish","format-standard","has-post-thumbnail","hentry","category-economie","category-maroc"],"_links":{"self":[{"href":"https:\/\/linitiative.ca\/International\/wp-json\/wp\/v2\/posts\/63824","targetHints":{"allow":["GET"]}}],"collection":[{"href":"https:\/\/linitiative.ca\/International\/wp-json\/wp\/v2\/posts"}],"about":[{"href":"https:\/\/linitiative.ca\/International\/wp-json\/wp\/v2\/types\/post"}],"author":[{"embeddable":true,"href":"https:\/\/linitiative.ca\/International\/wp-json\/wp\/v2\/users\/1763"}],"replies":[{"embeddable":true,"href":"https:\/\/linitiative.ca\/International\/wp-json\/wp\/v2\/comments?post=63824"}],"version-history":[{"count":0,"href":"https:\/\/linitiative.ca\/International\/wp-json\/wp\/v2\/posts\/63824\/revisions"}],"wp:featuredmedia":[{"embeddable":true,"href":"https:\/\/linitiative.ca\/International\/wp-json\/"}],"wp:attachment":[{"href":"https:\/\/linitiative.ca\/International\/wp-json\/wp\/v2\/media?parent=63824"}],"wp:term":[{"taxonomy":"category","embeddable":true,"href":"https:\/\/linitiative.ca\/International\/wp-json\/wp\/v2\/categories?post=63824"},{"taxonomy":"post_tag","embeddable":true,"href":"https:\/\/linitiative.ca\/International\/wp-json\/wp\/v2\/tags?post=63824"}],"curies":[{"name":"wp","href":"https:\/\/api.w.org\/{rel}","templated":true}]}}