{"id":63828,"date":"2019-10-09T15:14:21","date_gmt":"2019-10-09T19:14:21","guid":{"rendered":"https:\/\/linitiative.ca\/International\/ligue-1-2-jsk-hamroune-out-contre-laso\/"},"modified":"2019-10-09T15:14:21","modified_gmt":"2019-10-09T19:14:21","slug":"ligue-1-2-jsk-hamroune-out-contre-laso","status":"publish","type":"post","link":"https:\/\/linitiative.ca\/International\/ligue-1-2-jsk-hamroune-out-contre-laso\/","title":{"rendered":"Ligue 1 &amp; 2 : JSK : Hamroune out contre l\u2019ASO"},"content":{"rendered":"<div readability=\"32\">\n<p>Auteur : <span>Sa\u00efd D.<\/span> <span class=\"time\">mercredi 09 octobre 2019 17:26<\/span><\/p>\n<\/div>\n<div id=\"post_core\" readability=\"71\">\n<p>La JSK sera confront\u00e9e \u00e0 un nouveau probl\u00e8me, celui des joueurs bless\u00e9s. Un casse-t\u00eate pour l\u2019entra\u00eeneur Hubert Velud lequel va devoir trouver des solutions puisque plusieurs joueurs risquent de ne pas \u00eatre pr\u00eats pour le d\u00e9placement \u00e0 Chlef, le 12 octobre prochain. Alors que l\u2019attaquant kenyan, Massoud Juma, n\u2019a toujours pas \u00e9t\u00e9 fix\u00e9, lui qui a \u00e9t\u00e9 pris en charge par le m\u00e9decin du club hier soir, pour approfondir les examens, deux autres \u00e9l\u00e9ments poursuivent aussi les soins du moment qu\u2019ils ont tous \u00e9t\u00e9 touch\u00e9s \u00e0 l\u2019issue du match contre l\u2019Entente de S\u00e9tif. Il s\u2019agit du milieu de terrain, Mohamed Bencha\u00efra, et de l\u2019attaquant, Rezki Hamroune. Alors que le premier attend toujours les r\u00e9sultats de l\u2019\u00e9chographie pour conna\u00eetre l\u2019origine de la blessure qui, selon nos sources, n\u2019est pas grave, ce n\u2019est pas le cas pour le second qui, finalement, sera dans l\u2019obligation de prendre quelques jours de repos. Les r\u00e9sultats des examens m\u00e9dicaux ont r\u00e9v\u00e9l\u00e9 une blessure\u00a0 de la cuisse. Une \u00e9longation qui n\u00e9cessite au moins une semaine de repos forc\u00e9. De ce fait, Rezki Hamroune sera priv\u00e9 du d\u00e9placement \u00e0 Chlef la semaine prochaine. Un v\u00e9ritable coup dur pour le staff technique lequel fera certainement appel \u00e0 un autre joueur pour le remplacer.\u00a0<br \/><strong>Le m\u00e9decin lui a prescrit une semaine de repos<\/strong><br \/>En se rendant \u00e0 Alger pour effectuer une \u00e9chographie, l\u2019attaquant, Rezki Hamroune, a appris qu\u2019il souffre d\u2019une \u00e9longation de la cuisse. Le m\u00e9decin lui a fait savoir qu\u2019il a \u00e9chapp\u00e9 \u00e0 une longue blessure puisqu\u2019il aurait d\u00fb r\u00e9clamer son changement d\u00e8s qu\u2019il a ressenti des douleurs. Il aurait pu contracter une blessure qui aurait pu l\u2019\u00e9loigner des terrains durant au moins trois mois.\u00a0<br \/><strong>\u00ab Je l\u2019ai \u00e9chapp\u00e9 belle \u00bb<\/strong><br \/>En fin d\u2019apr\u00e8s-midi, nous avons joint l\u2019attaquant Rezki Hamroune. Ce dernier, qui venait \u00e0 peine de sortir de chez le m\u00e9decin, dira : \u00ab Je viens d\u2019effectuer une \u00e9chographie et d\u2019apr\u00e8s le m\u00e9decin, je souffre d\u2019une \u00e9longation\u00a0 \u00a0de la cuisse. Je l\u2019ai \u00e9chapp\u00e9 belle, \u00e7a aurait pu \u00eatre plus grave. Je ne devais pas continuer \u00e0 jouer apr\u00e8s avoir ressenti des douleurs. C\u2019est ma premi\u00e8re blessure, j\u2019esp\u00e8re revenir tr\u00e8s rapidement. \u00bb<br \/><strong>\u00ab Je ne serai pas pr\u00e9sent contre l\u2019ASO \u00bb<\/strong><br \/>Par rapport \u00e0 la p\u00e9riode d\u2019indisponibilit\u00e9, Hamroune, avec d\u00e9ception, nous annonce qu\u2019il en aura pour au moins une semaine. De ce fait, il ne pourra pas \u00eatre pr\u00e9sent contre l\u2019ASO, le 12 octobre : \u00ab Le m\u00e9decin m\u2019a prescrit une semaine de repos, du coup, je ne pourrai pas \u00eatre pr\u00e9sent contre l\u2019ASO. Je suis d\u00e9\u00e7u, je ne voulais rater aucune rencontre. \u00c7a aurait pu \u00eatre pire, je n\u2019ai qu\u2019\u00e0 dire Hamdoullah. \u00bb<br \/><strong>\u00ab Je ne veux pas \u00eatre stopp\u00e9 \u00bb\u00a0<\/strong><br \/>Avant de conclure, Hamroune nous a fait savoir qu\u2019il fera\u00a0 son possible pour revenir tr\u00e8s rapidement : \u00ab Je ne veux pas \u00eatre stopp\u00e9, je vais rater ce match et je ferai mon possible pour revenir juste apr\u00e8s. Je vais profiter de la tr\u00eave pour soigner ma blessure et me tenir pr\u00eat en pr\u00e9vision des prochains d\u00e9fis. \u00bb<br \/>\u00a0<\/p>\n<\/div>\n<p>Auteur:<br \/>\n<a href=\"http:\/\/www.lebuteur.com\/article\/detail?titre=jsk-hamroune-out-contre-laso&#038;id=92219&#038;utm_source=feedburner&#038;utm_medium=feed&#038;utm_campaign=Feed%3A+GalerieFArtciles+%28Les+derniers+articles++-+lebuteur.com%29\">Cliquez ici pour lire l&rsquo;article depuis sa source.<\/a><\/p>\n","protected":false},"excerpt":{"rendered":"<p>Auteur : Sa\u00efd D. mercredi 09 octobre 2019 17:26 La JSK sera confront\u00e9e \u00e0 un nouveau probl\u00e8me, celui des joueurs bless\u00e9s. Un casse-t\u00eate pour l\u2019entra\u00eeneur Hubert Velud lequel va devoir trouver des solutions puisque plusieurs joueurs risquent de ne pas \u00eatre pr\u00eats pour le d\u00e9placement \u00e0 Chlef, le 12 octobre prochain. Alors que l\u2019attaquant kenyan, [&hellip;]<\/p>\n","protected":false},"author":1738,"featured_media":63829,"comment_status":"closed","ping_status":"closed","sticky":false,"template":"","format":"standard","meta":{"fifu_image_url":"","fifu_image_alt":"","footnotes":""},"categories":[53,75],"tags":[],"class_list":["post-63828","post","type-post","status-publish","format-standard","has-post-thumbnail","hentry","category-algerie","category-sport"],"_links":{"self":[{"href":"https:\/\/linitiative.ca\/International\/wp-json\/wp\/v2\/posts\/63828","targetHints":{"allow":["GET"]}}],"collection":[{"href":"https:\/\/linitiative.ca\/International\/wp-json\/wp\/v2\/posts"}],"about":[{"href":"https:\/\/linitiative.ca\/International\/wp-json\/wp\/v2\/types\/post"}],"author":[{"embeddable":true,"href":"https:\/\/linitiative.ca\/International\/wp-json\/wp\/v2\/users\/1738"}],"replies":[{"embeddable":true,"href":"https:\/\/linitiative.ca\/International\/wp-json\/wp\/v2\/comments?post=63828"}],"version-history":[{"count":0,"href":"https:\/\/linitiative.ca\/International\/wp-json\/wp\/v2\/posts\/63828\/revisions"}],"wp:featuredmedia":[{"embeddable":true,"href":"https:\/\/linitiative.ca\/International\/wp-json\/"}],"wp:attachment":[{"href":"https:\/\/linitiative.ca\/International\/wp-json\/wp\/v2\/media?parent=63828"}],"wp:term":[{"taxonomy":"category","embeddable":true,"href":"https:\/\/linitiative.ca\/International\/wp-json\/wp\/v2\/categories?post=63828"},{"taxonomy":"post_tag","embeddable":true,"href":"https:\/\/linitiative.ca\/International\/wp-json\/wp\/v2\/tags?post=63828"}],"curies":[{"name":"wp","href":"https:\/\/api.w.org\/{rel}","templated":true}]}}