{"id":63830,"date":"2019-10-09T15:14:23","date_gmt":"2019-10-09T19:14:23","guid":{"rendered":"https:\/\/linitiative.ca\/International\/international-la-juventus-et-tottenham-seraient-sur-le-dossier-atal\/"},"modified":"2019-10-09T15:14:23","modified_gmt":"2019-10-09T19:14:23","slug":"international-la-juventus-et-tottenham-seraient-sur-le-dossier-atal","status":"publish","type":"post","link":"https:\/\/linitiative.ca\/International\/international-la-juventus-et-tottenham-seraient-sur-le-dossier-atal\/","title":{"rendered":"International : La Juventus et Tottenham seraient sur le dossier Atal"},"content":{"rendered":"<div readability=\"32\">\n<p>Auteur : <span class=\"time\">mercredi 09 octobre 2019 17:40<\/span><\/p>\n<\/div>\n<div id=\"post_core\" readability=\"45\">\n<p>En qu\u00eate d\u2019un lat\u00e9ral droit lors du dernier mercato estival, le PSG avait coch\u00e9 le nom de Youcef Atal. Si le club n\u2019est finalement pas parvenu \u00e0 finaliser cette piste, les dirigeants parisiens continueraient d\u2019observer le lat\u00e9ral droit de l\u2019OGC Nice en vue d\u2019un possible transfert l\u2019\u00e9t\u00e9 prochain. N\u00e9anmoins, le PSG ne serait pas le seul club int\u00e9ress\u00e9 par Atal. En effet, d\u2019apr\u00e8s les informations de Calciomercato.it, la Juventus et Tottenham auraient aussi cibl\u00e9 Youcef Atal en vue du prochain mercato estival. Le PSG, qui n\u2019est pas parvenu \u00e0 acqu\u00e9rir un lat\u00e9ral droit l\u2019\u00e9t\u00e9 dernier, devra alors faire face \u00e0 une rude concurrence pour esp\u00e9rer attirer le joueur de 23 ans, qui semble \u00eatre l&rsquo;une des gros dossiers de Leonardo depuis son retour au club rapporte Le 10 Sport.<\/p>\n<p><strong>Publi\u00e9 dans :<\/strong> <span>juventus<\/span> <span>Tottenham<\/span> <span>Atal<\/span><\/p>\n<\/div>\n<p>Auteur:<br \/>\n<a href=\"http:\/\/www.lebuteur.com\/article\/detail?titre=la-juventus-et-tottenham-seraient-sur-le-dossier-atal&#038;id=92229&#038;utm_source=feedburner&#038;utm_medium=feed&#038;utm_campaign=Feed%3A+GalerieFArtciles+%28Les+derniers+articles++-+lebuteur.com%29\">Cliquez ici pour lire l&rsquo;article depuis sa source.<\/a><\/p>\n","protected":false},"excerpt":{"rendered":"<p>Auteur : mercredi 09 octobre 2019 17:40 En qu\u00eate d\u2019un lat\u00e9ral droit lors du dernier mercato estival, le PSG avait coch\u00e9 le nom de Youcef Atal. Si le club n\u2019est finalement pas parvenu \u00e0 finaliser cette piste, les dirigeants parisiens continueraient d\u2019observer le lat\u00e9ral droit de l\u2019OGC Nice en vue d\u2019un possible transfert l\u2019\u00e9t\u00e9 prochain. [&hellip;]<\/p>\n","protected":false},"author":1738,"featured_media":63831,"comment_status":"closed","ping_status":"closed","sticky":false,"template":"","format":"standard","meta":{"fifu_image_url":"","fifu_image_alt":"","footnotes":""},"categories":[53,75],"tags":[],"class_list":["post-63830","post","type-post","status-publish","format-standard","has-post-thumbnail","hentry","category-algerie","category-sport"],"_links":{"self":[{"href":"https:\/\/linitiative.ca\/International\/wp-json\/wp\/v2\/posts\/63830","targetHints":{"allow":["GET"]}}],"collection":[{"href":"https:\/\/linitiative.ca\/International\/wp-json\/wp\/v2\/posts"}],"about":[{"href":"https:\/\/linitiative.ca\/International\/wp-json\/wp\/v2\/types\/post"}],"author":[{"embeddable":true,"href":"https:\/\/linitiative.ca\/International\/wp-json\/wp\/v2\/users\/1738"}],"replies":[{"embeddable":true,"href":"https:\/\/linitiative.ca\/International\/wp-json\/wp\/v2\/comments?post=63830"}],"version-history":[{"count":0,"href":"https:\/\/linitiative.ca\/International\/wp-json\/wp\/v2\/posts\/63830\/revisions"}],"wp:featuredmedia":[{"embeddable":true,"href":"https:\/\/linitiative.ca\/International\/wp-json\/"}],"wp:attachment":[{"href":"https:\/\/linitiative.ca\/International\/wp-json\/wp\/v2\/media?parent=63830"}],"wp:term":[{"taxonomy":"category","embeddable":true,"href":"https:\/\/linitiative.ca\/International\/wp-json\/wp\/v2\/categories?post=63830"},{"taxonomy":"post_tag","embeddable":true,"href":"https:\/\/linitiative.ca\/International\/wp-json\/wp\/v2\/tags?post=63830"}],"curies":[{"name":"wp","href":"https:\/\/api.w.org\/{rel}","templated":true}]}}