{"id":63836,"date":"2019-10-09T15:14:27","date_gmt":"2019-10-09T19:14:27","guid":{"rendered":"https:\/\/linitiative.ca\/International\/afrique-coupe-de-la-caf-le-pac-affrontera-kampala-city\/"},"modified":"2019-10-09T15:14:27","modified_gmt":"2019-10-09T19:14:27","slug":"afrique-coupe-de-la-caf-le-pac-affrontera-kampala-city","status":"publish","type":"post","link":"https:\/\/linitiative.ca\/International\/afrique-coupe-de-la-caf-le-pac-affrontera-kampala-city\/","title":{"rendered":"Afrique : Coupe de la CAF: Le PAC affrontera Kampala City"},"content":{"rendered":"<div readability=\"32\">\n<p>Auteur : <span class=\"time\">mercredi 09 octobre 2019 19:43<\/span><\/p>\n<\/div>\n<div id=\"post_core\" readability=\"37\">\n<p>Le Paradou AC, l\u2019unique repr\u00e9sentant de l\u2019Alg\u00e9rie dans la coupe de la CAF, affrontera le club Ougandais de Kampala City, pour le compte des 16e de finale bis de la coupe de la coupe de la conf\u00e9d\u00e9ration africaine.<\/p>\n<p><strong>Publi\u00e9 dans :<\/strong> <span>PAC<\/span><\/p>\n<\/div>\n<p>Auteur:<br \/>\n<a href=\"http:\/\/www.lebuteur.com\/article\/detail?titre=coupe-de-la-caf-le-pac-affrontera-kampala-city&#038;id=92231&#038;utm_source=feedburner&#038;utm_medium=feed&#038;utm_campaign=Feed%3A+GalerieFArtciles+%28Les+derniers+articles++-+lebuteur.com%29\">Cliquez ici pour lire l&rsquo;article depuis sa source.<\/a><\/p>\n","protected":false},"excerpt":{"rendered":"<p>Auteur : mercredi 09 octobre 2019 19:43 Le Paradou AC, l\u2019unique repr\u00e9sentant de l\u2019Alg\u00e9rie dans la coupe de la CAF, affrontera le club Ougandais de Kampala City, pour le compte des 16e de finale bis de la coupe de la coupe de la conf\u00e9d\u00e9ration africaine. Publi\u00e9 dans : PAC Auteur: Cliquez ici pour lire l&rsquo;article [&hellip;]<\/p>\n","protected":false},"author":1738,"featured_media":63837,"comment_status":"closed","ping_status":"closed","sticky":false,"template":"","format":"standard","meta":{"fifu_image_url":"","fifu_image_alt":"","footnotes":""},"categories":[53,75],"tags":[],"class_list":["post-63836","post","type-post","status-publish","format-standard","has-post-thumbnail","hentry","category-algerie","category-sport"],"_links":{"self":[{"href":"https:\/\/linitiative.ca\/International\/wp-json\/wp\/v2\/posts\/63836","targetHints":{"allow":["GET"]}}],"collection":[{"href":"https:\/\/linitiative.ca\/International\/wp-json\/wp\/v2\/posts"}],"about":[{"href":"https:\/\/linitiative.ca\/International\/wp-json\/wp\/v2\/types\/post"}],"author":[{"embeddable":true,"href":"https:\/\/linitiative.ca\/International\/wp-json\/wp\/v2\/users\/1738"}],"replies":[{"embeddable":true,"href":"https:\/\/linitiative.ca\/International\/wp-json\/wp\/v2\/comments?post=63836"}],"version-history":[{"count":0,"href":"https:\/\/linitiative.ca\/International\/wp-json\/wp\/v2\/posts\/63836\/revisions"}],"wp:featuredmedia":[{"embeddable":true,"href":"https:\/\/linitiative.ca\/International\/wp-json\/"}],"wp:attachment":[{"href":"https:\/\/linitiative.ca\/International\/wp-json\/wp\/v2\/media?parent=63836"}],"wp:term":[{"taxonomy":"category","embeddable":true,"href":"https:\/\/linitiative.ca\/International\/wp-json\/wp\/v2\/categories?post=63836"},{"taxonomy":"post_tag","embeddable":true,"href":"https:\/\/linitiative.ca\/International\/wp-json\/wp\/v2\/tags?post=63836"}],"curies":[{"name":"wp","href":"https:\/\/api.w.org\/{rel}","templated":true}]}}