{"id":63838,"date":"2019-10-08T20:00:00","date_gmt":"2019-10-09T00:00:00","guid":{"rendered":"https:\/\/linitiative.ca\/International\/presidentielle-du-12-decembre-debut-dune-algerie-nouvelle\/"},"modified":"2019-10-08T20:00:00","modified_gmt":"2019-10-09T00:00:00","slug":"presidentielle-du-12-decembre-debut-dune-algerie-nouvelle","status":"publish","type":"post","link":"https:\/\/linitiative.ca\/International\/presidentielle-du-12-decembre-debut-dune-algerie-nouvelle\/","title":{"rendered":"Pr\u00e9sidentielle du 12 d\u00e9cembre : d\u00e9but d\u2019une Alg\u00e9rie nouvelle"},"content":{"rendered":"<p><strong>Les pr\u00e9rogatives et principes de l\u2019Autorit\u00e9 nationale ind\u00e9pendante des \u00e9lections repr\u00e9sente \u00able d\u00e9but pour une Alg\u00e9rie nouvelle\u00a0 garantissant une transformation profonde dans l\u2019action politique\u00bb, a consid\u00e9r\u00e9, hier \u00e0 Annaba, le vice-pr\u00e9sident de cette instance, Abdelhafidh Milat.<\/strong><\/p>\n<p>Pr\u00e9sidant l\u2019installation de la d\u00e9l\u00e9gation de wilaya de l\u2019Autorit\u00e9 nationale ind\u00e9pendante des \u00e9lections pr\u00e9sid\u00e9e par Mourad Bouaka\u00efdia (m\u00e9decin), M. Milat a soulign\u00e9 que \u00abl\u2019installation de cette instance est venue r\u00e9pondre \u00e0 la revendication des Alg\u00e9riens d\u2019\u00e9lections transparentes et propres assurant que cette Autorit\u00e9 est d\u00e9termin\u00e9e \u00e0 assumer ses pr\u00e9rogatives pour le succ\u00e8s du prochain rendez-vous \u00e9lectoral et \u00e0 veiller au respect de la volont\u00e9 du peuple\u00bb.<br \/>Pour assurer l\u2019int\u00e9grit\u00e9 du travail de<br \/>l\u2019Autorit\u00e9 nationale ind\u00e9pendante des \u00e9lections durant toutes les phases du processus \u00e9lectoral, les hommes et femmes au niveau des d\u00e9l\u00e9gations locales doivent se mobiliser et \u00eatre \u00e0 la hauteur de la responsabilit\u00e9 qui leur incombe, a soutenu le m\u00eame responsable qui a affirm\u00e9 que la porte demeure ouverte aux citoyens pour s\u2019impliquer dans le travail de cette instance. La d\u00e9l\u00e9gation de wilaya de l\u2019Autorit\u00e9 nationale ind\u00e9pendante des \u00e9lections qui est compos\u00e9e de 8 membres entamera d\u00e8s la prestation du serment son travail par l\u2019installation \u00e0 son tour des d\u00e9l\u00e9gations communales compos\u00e9es chacune de 3 membres ; Annaba compte 12 communes. La c\u00e9r\u00e9monie d\u2019installation s\u2019est d\u00e9roul\u00e9e au si\u00e8ge de la direction des services agricoles en pr\u00e9sence du procureur g\u00e9n\u00e9ral et pr\u00e9sident de la Cour de justice d\u2019Annaba et des repr\u00e9sentants du mouvement associatif et de la soci\u00e9t\u00e9 civile.<\/p>\n<p><strong>Les citoyens, appel\u00e9s \u00e0 accompagner l\u2019ANIE pour une \u00e9lection libre et transparente<\/strong><\/p>\n<p>Les citoyens sont invit\u00e9s \u00e0 accompagner l\u2019Autorit\u00e9 nationale ind\u00e9pendante charg\u00e9e des \u00e9lections pour \u00abune \u00e9lection libre et transparente du prochain pr\u00e9sident de la R\u00e9publique\u00bb, a aussi indiqu\u00e9 lundi \u00e0 El Tarf, M. Abdelhafid Milat. S&rsquo;exprimant en marge de l\u2019installation de la d\u00e9l\u00e9gation de wilaya relevant de l\u2019ANIE, qui sera pr\u00e9sid\u00e9e par Amrani Mourad, juriste install\u00e9 dans la commune de Besbes, l\u2019intervenant a mis en relief l\u2019importance de l\u2019implication des citoyens dans les diff\u00e9rentes \u00e9tapes du processus \u00e9lectoral afin d\u2019assurer le succ\u00e8s de ce rendez-vous et permettre au citoyen d\u2019exercer son droit de vote \u00ablibrement et en toute transparence\u00bb.\u00a0 Soutenant que cette institution dispose de l\u2019ensemble des pr\u00e9rogatives \u00e0 m\u00eame de lui faciliter la mission qui lui incombe, l\u2019intervenant a \u00e9galement affirm\u00e9 que \u00abl\u2019ensemble des moyens humains et mat\u00e9riels seront mobilis\u00e9s pour un scrutin \u00e0 la hauteur des attentes des citoyens.\u00bb<\/p>\n<p><strong>La rigueur de la loi \u00e0 l\u2019encontre de ceux qui entraveront le d\u00e9roulement du scrutin<\/strong><\/p>\n<p>M. Milat a \u00e9galement insist\u00e9 sur le respect du choix de ceux qui ont opt\u00e9 pour l\u2019\u00e9lection pr\u00e9sidentielle, avertissant, dans ce contexte, que la loi sera appliqu\u00e9e dans toute sa rigueur \u00e0 l\u2019encontre de ceux qui entraveront le d\u00e9roulement du scrutin.<br \/>Pas moins de 72 d\u00e9l\u00e9gu\u00e9s communaux seront prochainement install\u00e9s au niveau des 24 communes de la wilaya, a-t-il ajout\u00e9, expliquant que le choix des repr\u00e9sentants s\u2019appuie sur des comp\u00e9tences jeunes et jouissant d\u2019une d\u00e9termination \u00e0 la mesure de la mission qui les attend.<\/p>\n<p>Auteur: elmoudjahid<br \/>\n<a href=\"http:\/\/www.elmoudjahid.com\/fr\/actualites\/142943\">Cliquez ici pour lire l&rsquo;article depuis sa source.<\/a><\/p>\n","protected":false},"excerpt":{"rendered":"<p>Les pr\u00e9rogatives et principes de l\u2019Autorit\u00e9 nationale ind\u00e9pendante des \u00e9lections repr\u00e9sente \u00able d\u00e9but pour une Alg\u00e9rie nouvelle\u00a0 garantissant une transformation profonde dans l\u2019action politique\u00bb, a consid\u00e9r\u00e9, hier \u00e0 Annaba, le vice-pr\u00e9sident de cette instance, Abdelhafidh Milat. Pr\u00e9sidant l\u2019installation de la d\u00e9l\u00e9gation de wilaya de l\u2019Autorit\u00e9 nationale ind\u00e9pendante des \u00e9lections pr\u00e9sid\u00e9e par Mourad Bouaka\u00efdia (m\u00e9decin), M. [&hellip;]<\/p>\n","protected":false},"author":1744,"featured_media":0,"comment_status":"closed","ping_status":"closed","sticky":false,"template":"","format":"standard","meta":{"fifu_image_url":"","fifu_image_alt":"","footnotes":""},"categories":[73,53],"tags":[],"class_list":["post-63838","post","type-post","status-publish","format-standard","hentry","category-actualite","category-algerie"],"_links":{"self":[{"href":"https:\/\/linitiative.ca\/International\/wp-json\/wp\/v2\/posts\/63838","targetHints":{"allow":["GET"]}}],"collection":[{"href":"https:\/\/linitiative.ca\/International\/wp-json\/wp\/v2\/posts"}],"about":[{"href":"https:\/\/linitiative.ca\/International\/wp-json\/wp\/v2\/types\/post"}],"author":[{"embeddable":true,"href":"https:\/\/linitiative.ca\/International\/wp-json\/wp\/v2\/users\/1744"}],"replies":[{"embeddable":true,"href":"https:\/\/linitiative.ca\/International\/wp-json\/wp\/v2\/comments?post=63838"}],"version-history":[{"count":0,"href":"https:\/\/linitiative.ca\/International\/wp-json\/wp\/v2\/posts\/63838\/revisions"}],"wp:attachment":[{"href":"https:\/\/linitiative.ca\/International\/wp-json\/wp\/v2\/media?parent=63838"}],"wp:term":[{"taxonomy":"category","embeddable":true,"href":"https:\/\/linitiative.ca\/International\/wp-json\/wp\/v2\/categories?post=63838"},{"taxonomy":"post_tag","embeddable":true,"href":"https:\/\/linitiative.ca\/International\/wp-json\/wp\/v2\/tags?post=63838"}],"curies":[{"name":"wp","href":"https:\/\/api.w.org\/{rel}","templated":true}]}}