{"id":63840,"date":"2019-10-08T20:00:00","date_gmt":"2019-10-09T00:00:00","guid":{"rendered":"https:\/\/linitiative.ca\/International\/ali-seddiki-sg-par-interim-du-fln-nous-nallons-pas-rester-en-marge\/"},"modified":"2019-10-08T20:00:00","modified_gmt":"2019-10-09T00:00:00","slug":"ali-seddiki-sg-par-interim-du-fln-nous-nallons-pas-rester-en-marge","status":"publish","type":"post","link":"https:\/\/linitiative.ca\/International\/ali-seddiki-sg-par-interim-du-fln-nous-nallons-pas-rester-en-marge\/","title":{"rendered":"Ali Seddiki, SG par int\u00e9rim du FLN : \u00ab Nous n\u2019allons pas rester en marge \u00bb"},"content":{"rendered":"<p>\u00abEn d\u00e9pit de la crise interne qui secoue ses structures, le FLN n\u2019entend pas se laisser d\u00e9passer par les \u00e9v\u00e9nements qui s\u2019encha\u00eenent sur la sc\u00e8ne politique\u00bb. En effet, dans une lettre adress\u00e9e aux militants du parti, son secr\u00e9taire g\u00e9n\u00e9ral, Ali Seddiki, \u00e9voque la prochaine \u00e9lection pr\u00e9sidentielle en la qualifiant d\u2019\u00e9tape \u00abhistorique, d\u00e9cisive dans la vie de la nation\u00bb, invitant du coup ses troupes \u00e0 \u00abla mobilisation de toutes les potentialit\u00e9s\u00bb. \u00abNon seulement il n\u2019est pas permis au FLN d\u2019\u00eatre d\u00e9pass\u00e9 par les \u00e9v\u00e9nements, mais il faudra que ses militants soient \u00e0 l\u2019avant-garde pour \u00eatre en coh\u00e9rence avec la volont\u00e9 du peuple et son d\u00e9sir de changement et de construction d\u2019une Alg\u00e9rie nouvelle, dont les fondements sont la d\u00e9mocratie et l\u2019\u00e9galit\u00e9 sociale\u00bb, insiste<br \/>M. Seddiki. Sur le m\u00eame ton, celui-ci fera remarquer que \u00abla participation forte et effective des enfants du FLN \u00e0 la prochaine pr\u00e9sidentielle est un devoir national, dict\u00e9 par la responsabilit\u00e9 historique du parti qui doit \u00eatre partie prenante du rendez-vous \u00e9lectoral dans les conditions actuelles que conna\u00eet l\u2019Alg\u00e9rie\u00bb.<br \/>Aussi, l\u2019int\u00e9rimaire du secr\u00e9taire g\u00e9n\u00e9ral du FLN, d\u00e9sign\u00e9 quelques jours \u00e0 peine avant l\u2019incarc\u00e9ration de Mohamed Djema\u00ef \u00e0 la prison d\u2019El Harrach, voit dans le rendez-vous du 12 d\u00e9cembre prochain une occasion pour le doyen des partis de se remettre en selle : \u00abCette pr\u00e9sidentielle sera une opportunit\u00e9 et l\u2019occasion idoine pour am\u00e9liorer l\u2019image du parti, issu du peuple, aux yeux de ce m\u00eame peuple.\u00bb En effet, le parti a \u00e9t\u00e9 lourdement cibl\u00e9 depuis l\u2019\u00e9mergence du mouvement populaire du 22 f\u00e9vrier dernier o\u00f9 les manifestants ont demand\u00e9 que l\u2019ancien parti regagne les pages de l\u2019histoire de la r\u00e9volution. Evoquant le processus \u00e9lectoral en cours, le secr\u00e9taire g\u00e9n\u00e9ral par int\u00e9rim du FLN salue les mesures prises dans le cadre de la pr\u00e9paration mat\u00e9rielle pour le scrutin de d\u00e9cembre, notamment \u00e0 travers les efforts de l\u2019Autorit\u00e9 de surveillance des \u00e9lections, la jugeant principal instrument de \u00abgarantie de transparence et de cr\u00e9dibilit\u00e9 de l\u2019\u00e9lection\u00bb. Contact\u00e9 par El Moudjahid, Fouad Sebouta, s\u00e9nateur et cadre du parti, a pour sa part, mis en avant la mobilisation des cadres et militants du FLN en pr\u00e9vision du rendez-vous du 12 d\u00e9cembre. \u00abLe comit\u00e9 central du parti se r\u00e9unira en session extraordinaire pour trancher sur la mani\u00e8re avec laquelle il compte s\u2019impliquer dans la prochaine pr\u00e9sidentielle\u00bb a-t-il indiqu\u00e9. Bien que restant assez \u00e9vasif, celui-ci n\u2019a pas \u00e9cart\u00e9 l\u2019\u00e9ventualit\u00e9 de voir le FLN pr\u00e9senter son propre candidat au terme des travaux de cette r\u00e9union du comit\u00e9 central. En outre, l\u2019int\u00e9rimaire de Djema\u00ef ne manque pas de cibler \u00abcertaines parties qui cherchent \u00e0 exploiter le d\u00e9sir de changement exprim\u00e9 par le peuple pour porter pr\u00e9judice au FLN\u00bb. Allusion faite, certainement, \u00e0 ceux qui appellent \u00e0 la dissolution du FLN ou \u00e0 son placement dans un mus\u00e9e en tant que \u00abpatrimoine national\u00bb.<br \/>Pour rappel, le secr\u00e9taire g\u00e9n\u00e9ral par int\u00e9rim de l\u2019Organisation nationale des moudjahidine (ONM), Mohand Ouamar Benelhadj, a r\u00e9clam\u00e9 un nombre incalculable de fois, la mise au mus\u00e9e du sigle FLN, y compris apr\u00e8s l\u2019incarc\u00e9ration de Mohamed Djema\u00ef. \u00ab Le FLN n\u2019a plus sa raison d\u2019\u00eatre aujourd\u2019hui. Nous avons demand\u00e9 plusieurs fois aux autorit\u00e9s d\u2019enlever ce symbole. Nous r\u00e9it\u00e9rons cet appel\u00bb, a-t-il indiqu\u00e9, arguant du fait qu\u2019\u00abil s\u2019agit d\u2019un patrimoine national qu\u2019il faut mettre \u00e0 l\u2019abri des exploitations politiciennes \u00e0 des fins personnelles\u00bb.<br \/>Pour sa part, Seddiki n\u2019est pas all\u00e9 de main morte pour d\u00e9noncer \u00abceux qui pensent pouvoir porter atteinte au parti en exploitant la situation actuelle du pays et le d\u00e9sir de changement\u00bb. En effet, selon lui, \u00abil est hors de question pour le doyen des partis, de quitter la sc\u00e8ne, apr\u00e8s l\u2019avoir occup\u00e9e pendant plus de six d\u00e9cennies et toutes les contributions qu\u2019il a pu apporter au pays pendant tout ce temps \u00bb.<br \/>\u00a0\u00a0 \u00a0Salima Ettouahria<br \/>\u00a0<\/p>\n<p>Auteur: elmoudjahid<br \/>\n<a href=\"http:\/\/www.elmoudjahid.com\/fr\/actualites\/142945\">Cliquez ici pour lire l&rsquo;article depuis sa source.<\/a><\/p>\n","protected":false},"excerpt":{"rendered":"<p>\u00abEn d\u00e9pit de la crise interne qui secoue ses structures, le FLN n\u2019entend pas se laisser d\u00e9passer par les \u00e9v\u00e9nements qui s\u2019encha\u00eenent sur la sc\u00e8ne politique\u00bb. En effet, dans une lettre adress\u00e9e aux militants du parti, son secr\u00e9taire g\u00e9n\u00e9ral, Ali Seddiki, \u00e9voque la prochaine \u00e9lection pr\u00e9sidentielle en la qualifiant d\u2019\u00e9tape \u00abhistorique, d\u00e9cisive dans la vie [&hellip;]<\/p>\n","protected":false},"author":1744,"featured_media":0,"comment_status":"closed","ping_status":"closed","sticky":false,"template":"","format":"standard","meta":{"fifu_image_url":"","fifu_image_alt":"","footnotes":""},"categories":[73,53],"tags":[],"class_list":["post-63840","post","type-post","status-publish","format-standard","hentry","category-actualite","category-algerie"],"_links":{"self":[{"href":"https:\/\/linitiative.ca\/International\/wp-json\/wp\/v2\/posts\/63840","targetHints":{"allow":["GET"]}}],"collection":[{"href":"https:\/\/linitiative.ca\/International\/wp-json\/wp\/v2\/posts"}],"about":[{"href":"https:\/\/linitiative.ca\/International\/wp-json\/wp\/v2\/types\/post"}],"author":[{"embeddable":true,"href":"https:\/\/linitiative.ca\/International\/wp-json\/wp\/v2\/users\/1744"}],"replies":[{"embeddable":true,"href":"https:\/\/linitiative.ca\/International\/wp-json\/wp\/v2\/comments?post=63840"}],"version-history":[{"count":0,"href":"https:\/\/linitiative.ca\/International\/wp-json\/wp\/v2\/posts\/63840\/revisions"}],"wp:attachment":[{"href":"https:\/\/linitiative.ca\/International\/wp-json\/wp\/v2\/media?parent=63840"}],"wp:term":[{"taxonomy":"category","embeddable":true,"href":"https:\/\/linitiative.ca\/International\/wp-json\/wp\/v2\/categories?post=63840"},{"taxonomy":"post_tag","embeddable":true,"href":"https:\/\/linitiative.ca\/International\/wp-json\/wp\/v2\/tags?post=63840"}],"curies":[{"name":"wp","href":"https:\/\/api.w.org\/{rel}","templated":true}]}}