{"id":63841,"date":"2019-10-08T20:00:00","date_gmt":"2019-10-09T00:00:00","guid":{"rendered":"https:\/\/linitiative.ca\/International\/lonm-appelle-les-participants-au-hirak-a-plebisciter-la-personne-quils-jugent-apte-a-repondre-a-leurs-aspirations\/"},"modified":"2019-10-08T20:00:00","modified_gmt":"2019-10-09T00:00:00","slug":"lonm-appelle-les-participants-au-hirak-a-plebisciter-la-personne-quils-jugent-apte-a-repondre-a-leurs-aspirations","status":"publish","type":"post","link":"https:\/\/linitiative.ca\/International\/lonm-appelle-les-participants-au-hirak-a-plebisciter-la-personne-quils-jugent-apte-a-repondre-a-leurs-aspirations\/","title":{"rendered":"L\u2019ONM appelle les participants au Hirak \u00e0 pl\u00e9bisciter la personne qu\u2019ils jugent apte \u00e0 r\u00e9pondre \u00e0 leurs aspirations"},"content":{"rendered":"<p>L&rsquo;Organisation nationale des moudjahidine (ONM) a appel\u00e9, hier dans un communiqu\u00e9, les participants au Hirak \u00e0 pl\u00e9bisciter la personne qu&rsquo;ils jugent apte \u00e0 r\u00e9pondre \u00e0 leurs aspirations, soulignant l&rsquo;importance de \u00abr\u00e9unir les conditions favorisant une participation nationale constructive\u00bb \u00e0 la prochaine \u00e9ch\u00e9ance pr\u00e9sidentielle. Lors de sa r\u00e9union p\u00e9riodique tenue lundi dernier, l&rsquo;ONM a \u00e9voqu\u00e9 la sc\u00e8ne politique nationale et les pr\u00e9paratifs de l&rsquo;\u00e9lection pr\u00e9sidentielle du 12 d\u00e9cembre. Apr\u00e8s avoir mis en \u00e9vidence \u00abl&rsquo;importance que rev\u00eat l&rsquo;institution pr\u00e9sidentielle dans la pyramide de l&rsquo;Etat\u00bb, l&rsquo;ONM a appel\u00e9 les participants au Hirak \u00e0 \u00abpl\u00e9bisciter la personne qu&rsquo;ils jugent apte \u00e0 r\u00e9pondre \u00e0 leurs aspirations\u00bb, pr\u00e9cise le communiqu\u00e9. Pour r\u00e9unir les conditions favorisant une participation nationale constructive \u00e0 l&rsquo;accomplissement de ce devoir, il importe de saisir et de traiter ce que d&rsquo;aucuns estiment \u00eatre des entraves susceptibles de les d\u00e9tourner de cette \u00e9ch\u00e9ance, estime l&rsquo;organisation.<\/p>\n<p>Auteur: elmoudjahid<br \/>\n<a href=\"http:\/\/www.elmoudjahid.com\/fr\/actualites\/142946\">Cliquez ici pour lire l&rsquo;article depuis sa source.<\/a><\/p>\n","protected":false},"excerpt":{"rendered":"<p>L&rsquo;Organisation nationale des moudjahidine (ONM) a appel\u00e9, hier dans un communiqu\u00e9, les participants au Hirak \u00e0 pl\u00e9bisciter la personne qu&rsquo;ils jugent apte \u00e0 r\u00e9pondre \u00e0 leurs aspirations, soulignant l&rsquo;importance de \u00abr\u00e9unir les conditions favorisant une participation nationale constructive\u00bb \u00e0 la prochaine \u00e9ch\u00e9ance pr\u00e9sidentielle. Lors de sa r\u00e9union p\u00e9riodique tenue lundi dernier, l&rsquo;ONM a \u00e9voqu\u00e9 la [&hellip;]<\/p>\n","protected":false},"author":1744,"featured_media":0,"comment_status":"closed","ping_status":"closed","sticky":false,"template":"","format":"standard","meta":{"fifu_image_url":"","fifu_image_alt":"","footnotes":""},"categories":[73,53],"tags":[],"class_list":["post-63841","post","type-post","status-publish","format-standard","hentry","category-actualite","category-algerie"],"_links":{"self":[{"href":"https:\/\/linitiative.ca\/International\/wp-json\/wp\/v2\/posts\/63841","targetHints":{"allow":["GET"]}}],"collection":[{"href":"https:\/\/linitiative.ca\/International\/wp-json\/wp\/v2\/posts"}],"about":[{"href":"https:\/\/linitiative.ca\/International\/wp-json\/wp\/v2\/types\/post"}],"author":[{"embeddable":true,"href":"https:\/\/linitiative.ca\/International\/wp-json\/wp\/v2\/users\/1744"}],"replies":[{"embeddable":true,"href":"https:\/\/linitiative.ca\/International\/wp-json\/wp\/v2\/comments?post=63841"}],"version-history":[{"count":0,"href":"https:\/\/linitiative.ca\/International\/wp-json\/wp\/v2\/posts\/63841\/revisions"}],"wp:attachment":[{"href":"https:\/\/linitiative.ca\/International\/wp-json\/wp\/v2\/media?parent=63841"}],"wp:term":[{"taxonomy":"category","embeddable":true,"href":"https:\/\/linitiative.ca\/International\/wp-json\/wp\/v2\/categories?post=63841"},{"taxonomy":"post_tag","embeddable":true,"href":"https:\/\/linitiative.ca\/International\/wp-json\/wp\/v2\/tags?post=63841"}],"curies":[{"name":"wp","href":"https:\/\/api.w.org\/{rel}","templated":true}]}}