{"id":63844,"date":"2019-10-09T10:31:44","date_gmt":"2019-10-09T14:31:44","guid":{"rendered":"https:\/\/linitiative.ca\/International\/95455-aviron-jo-2020-les-rameurs-algeriens-a-l-assaut-des-places-qualificatives-a-tunis\/"},"modified":"2019-10-09T10:31:44","modified_gmt":"2019-10-09T14:31:44","slug":"95455-aviron-jo-2020-les-rameurs-algeriens-a-l-assaut-des-places-qualificatives-a-tunis","status":"publish","type":"post","link":"https:\/\/linitiative.ca\/International\/95455-aviron-jo-2020-les-rameurs-algeriens-a-l-assaut-des-places-qualificatives-a-tunis\/","title":{"rendered":"Aviron\/JO-2020: les rameurs alg\u00e9riens \u00e0 l&rsquo;assaut des places qualificatives \u00e0 Tunis"},"content":{"rendered":"<div readability=\"38\">\n<p><strong>ALGER- Six rameurs alg\u00e9riens prendront part de jeudi \u00e0 samedi, sur le plan d&rsquo;eau du lac de Tunis, aux tournois qualificatifs d&rsquo;aviron pour les Jeux olympiques (JO) et paralympiques (JP) Tokyo-2020,a-t-on appris mercredi aupr\u00e8s de la F\u00e9d\u00e9ration alg\u00e9rienne des soci\u00e9t\u00e9s d&rsquo;aviron et de cano\u00eb-kayak (FASACK).<\/strong><\/p>\n<\/div>\n<div readability=\"106.938209332\">\n<p>Il s&rsquo;agit chez les dames d&rsquo;Amina Rouba et de Nawel Chiali en double scull poids l\u00e9ger (LW2X) et de Nihad Benchadli pour le skiff toutes cat\u00e9gories (W1X) ainsi que d&rsquo;Oussama Habiche pour le skiff toutes cat\u00e9gories (M1X), de Kamel A\u00eft-Daoud et de Sid-Ali Boudina en double scull poids l\u00e9ger (LM2X) en\u00a0messieurs.<\/p>\n<p>Outre l&rsquo;Alg\u00e9rie, le tournoi de qualification r\u00e9unira plusieurs autres pays africains, \u00e0 savoir la Tunisie, l&rsquo;Egypte, le Maroc, la Libye, le Soudan, le Malawi, le Kenya, l&rsquo;Ouganda, le Ghana, le Mali, le S\u00e9n\u00e9gal, le Togo, la C\u00f4te d&rsquo;Ivoire, le Nigeria, le B\u00e9nin, l&rsquo;Angola, le Zimbabwe, le Cap-Vert, le Niger, la Namibie et la Guin\u00e9e.<\/p>\n<p>\u00ab\u00a0Les athl\u00e8tes, d\u00e9j\u00e0 \u00e0 pied d&rsquo;oeuvre \u00e0 Tunis, sont bien pr\u00e9par\u00e9s pour l&rsquo;\u00e9v\u00e8nement, d&rsquo;ailleurs cette pr\u00e9paration a d\u00e9but\u00e9 depuis longtemps et a connu un rythme continu. Nos repr\u00e9sentants sont en confiance et ont le potentiel requis pour r\u00e9aliser une bonne prestation\u00a0\u00bb, a indiqu\u00e9 \u00e0 l&rsquo;APS la\u00a0Directrice technique nationale (DTN) de la FASACK, Assia Azouz-Sadki, soulignant cependant que la mission des athl\u00e8tes alg\u00e9riens \u00ab\u00a0ne sera pas de tout repos\u00a0\u00bb, avec la pr\u00e9sence annonc\u00e9e des meilleurs athl\u00e8tes du continent qui sont sur place pour le m\u00eame objectif.<\/p>\n<hr\/>\n<p>Lire aussi :\u00a0 <a href=\"http:\/\/www.aps.dz\/sport\/93298-ja-2019-aviron-une-premiere-pour-l-algerie\">JA-2019\/Aviron: une premi\u00e8re pour l&rsquo;Alg\u00e9rie<\/a><\/p>\n<hr\/>\n<p>Concernant les qualifications paralympiques que le m\u00eame plan d&rsquo;eau va abriter en m\u00eame temps, l&rsquo;Alg\u00e9rie sera repr\u00e9sent\u00e9e par l&rsquo;athl\u00e8te Nedjoua Gharbi qui concourra aux c\u00f4t\u00e9s de rameurs tunisiens, libyens, soudanais, k\u00e9nyans, ougandais, nig\u00e9rians, namibiens et capverdiens.<\/p>\n<blockquote readability=\"11\">\n<p><strong>\u00ab\u00a0En ce qui concerne l&rsquo;athl\u00e8te para-aviron, ce sera plus une participation dans le cadre du d\u00e9veloppement de cette cat\u00e9gorie de rameurs. Gharbi participera au camp d&rsquo;entra\u00eenement et \u00e0 la r\u00e9gate qualificative aux JP-2020 et ce, \u00e0 la charge de la F\u00e9d\u00e9ration internationale de la discipline qui veut promouvoir cette discipline handisport\u00a0\u00bb, a ajout\u00e9 la DTN.<\/strong><\/p>\n<\/blockquote>\n<p>Apr\u00e8s le tournoi qualificatif, les m\u00eames rameurs alg\u00e9riens, renforc\u00e9s par l&rsquo;arriv\u00e9e de trois de leurs compatriotes (Zoubida Lachoub, Nour El-Houda Sadoun et Abdelilah Ziouane) au Championnat d&rsquo;Afrique d&rsquo;aviron, du 14 au 16 octobre sur le m\u00eame plan d&rsquo;eau.<\/p>\n<p>Programme du tournoi qualificatif:<\/p>\n<p>Jeudi 10 octobre : d\u00e9but des \u00e9liminatoires<\/p>\n<p>Vendredi 11 octobre : rep\u00eachages<\/p>\n<p>Samedi 12 octobre : demi-finales<\/p>\n<p>Dimanche 13 octobre : finales.<\/p>\n<\/div>\n<p>Auteur:<br \/>\n<a href=\"http:\/\/www.aps.dz\/sport\/95455-aviron-jo-2020-les-rameurs-algeriens-a-l-assaut-des-places-qualificatives-a-tunis?utm_source=feedburner&#038;utm_medium=feed&#038;utm_campaign=Feed%3A+aps-sport+%28APS+-+SPORT%29\">Cliquez ici pour lire l&rsquo;article depuis sa source.<\/a><\/p>\n","protected":false},"excerpt":{"rendered":"<p>ALGER- Six rameurs alg\u00e9riens prendront part de jeudi \u00e0 samedi, sur le plan d&rsquo;eau du lac de Tunis, aux tournois qualificatifs d&rsquo;aviron pour les Jeux olympiques (JO) et paralympiques (JP) Tokyo-2020,a-t-on appris mercredi aupr\u00e8s de la F\u00e9d\u00e9ration alg\u00e9rienne des soci\u00e9t\u00e9s d&rsquo;aviron et de cano\u00eb-kayak (FASACK). Il s&rsquo;agit chez les dames d&rsquo;Amina Rouba et de Nawel [&hellip;]<\/p>\n","protected":false},"author":1790,"featured_media":0,"comment_status":"closed","ping_status":"closed","sticky":false,"template":"","format":"standard","meta":{"fifu_image_url":"","fifu_image_alt":"","footnotes":""},"categories":[53,75],"tags":[],"class_list":["post-63844","post","type-post","status-publish","format-standard","hentry","category-algerie","category-sport"],"_links":{"self":[{"href":"https:\/\/linitiative.ca\/International\/wp-json\/wp\/v2\/posts\/63844","targetHints":{"allow":["GET"]}}],"collection":[{"href":"https:\/\/linitiative.ca\/International\/wp-json\/wp\/v2\/posts"}],"about":[{"href":"https:\/\/linitiative.ca\/International\/wp-json\/wp\/v2\/types\/post"}],"author":[{"embeddable":true,"href":"https:\/\/linitiative.ca\/International\/wp-json\/wp\/v2\/users\/1790"}],"replies":[{"embeddable":true,"href":"https:\/\/linitiative.ca\/International\/wp-json\/wp\/v2\/comments?post=63844"}],"version-history":[{"count":0,"href":"https:\/\/linitiative.ca\/International\/wp-json\/wp\/v2\/posts\/63844\/revisions"}],"wp:attachment":[{"href":"https:\/\/linitiative.ca\/International\/wp-json\/wp\/v2\/media?parent=63844"}],"wp:term":[{"taxonomy":"category","embeddable":true,"href":"https:\/\/linitiative.ca\/International\/wp-json\/wp\/v2\/categories?post=63844"},{"taxonomy":"post_tag","embeddable":true,"href":"https:\/\/linitiative.ca\/International\/wp-json\/wp\/v2\/tags?post=63844"}],"curies":[{"name":"wp","href":"https:\/\/api.w.org\/{rel}","templated":true}]}}