{"id":63847,"date":"2019-10-09T13:24:47","date_gmt":"2019-10-09T17:24:47","guid":{"rendered":"https:\/\/linitiative.ca\/International\/95468-danone-nations-cup-l-equipe-scolaire-de-jijel-representera-l-algerie\/"},"modified":"2019-10-09T13:24:47","modified_gmt":"2019-10-09T17:24:47","slug":"95468-danone-nations-cup-l-equipe-scolaire-de-jijel-representera-l-algerie","status":"publish","type":"post","link":"https:\/\/linitiative.ca\/International\/95468-danone-nations-cup-l-equipe-scolaire-de-jijel-representera-l-algerie\/","title":{"rendered":"Danone Nations Cup: l\u2019\u00e9quipe scolaire de Jijel repr\u00e9sentera l&rsquo;Alg\u00e9rie"},"content":{"rendered":"<p><span class=\"sp-nh-title\">Batna : arr\u00eat du pompage des eaux du barrage de Kouediet Lemdouar<\/span> &#8211; <span class=\"sp-nh-date\">mercredi 9 octobre 2019 19:29<\/span><\/p>\n<p><span class=\"sp-nh-title\">Pr\u00e9sidentielle du 12 d\u00e9cembre: 137 postulants retirent les formulaires de souscription<\/span> &#8211; <span class=\"sp-nh-date\">mercredi 9 octobre 2019 19:18<\/span><\/p>\n<p><span class=\"sp-nh-title\">Fin des travaux de la 28e AG de l&rsquo;AMAN: passation de la pr\u00e9sidence \u00e0 l&rsquo;APS<\/span> &#8211; <span class=\"sp-nh-date\">mercredi 9 octobre 2019 18:47<\/span><\/p>\n<p><span class=\"sp-nh-title\">Salon de la femme au foyer productrice: des artisanes en qu\u00eate de commercialisation\u00a0<\/span> &#8211; <span class=\"sp-nh-date\">mercredi 9 octobre 2019 18:42<\/span><\/p>\n<p><span class=\"sp-nh-title\">Valorisation des d\u00e9chets: une activit\u00e9 naissante, mais porteuse et prometteuse pour les jeunes investisseurs<\/span> &#8211; <span class=\"sp-nh-date\">mercredi 9 octobre 2019 18:31<\/span><\/p>\n<p><span class=\"sp-nh-title\">Danone Nations Cup: l\u2019\u00e9quipe scolaire de Jijel repr\u00e9sentera l&rsquo;Alg\u00e9rie<\/span> &#8211; <span class=\"sp-nh-date\">mercredi 9 octobre 2019 18:24<\/span><\/p>\n<p><span class=\"sp-nh-title\">Le ministre des Affaires \u00e9trang\u00e8res turc salue le r\u00f4le important de l&rsquo;Alg\u00e9rie dans la r\u00e9gion \u00a0<\/span> &#8211; <span class=\"sp-nh-date\">mercredi 9 octobre 2019 18:24<\/span><\/p>\n<p><span class=\"sp-nh-title\">L&rsquo;ambassadeur y\u00e9m\u00e9nite salue la position de l&rsquo;Alg\u00e9rie \u00e0 l&rsquo;\u00e9gard de la crise au Y\u00e9men<\/span> &#8211; <span class=\"sp-nh-date\">mercredi 9 octobre 2019 18:14<\/span><\/p>\n<p><span class=\"sp-nh-title\">L&rsquo;UGTA pr\u00f4ne le passage \u00e0 une autre \u00e9tape politique pour relancer l\u2019\u00e9conomie nationale<\/span> &#8211; <span class=\"sp-nh-date\">mercredi 9 octobre 2019 18:03<\/span><\/p>\n<p><span class=\"sp-nh-title\">R\u00e9seau France: Air Alg\u00e9rie la plus ponctuelle des compagnies maghr\u00e9bines\u00a0<\/span> &#8211; <span class=\"sp-nh-date\">mercredi 9 octobre 2019 17:44<\/span><\/p>\n<p><span class=\"sp-nh-title\">Bedoui re\u00e7oit le ministre des Affaires \u00e9trang\u00e8res turc \u00a0<\/span> &#8211; <span class=\"sp-nh-date\">mercredi 9 octobre 2019 17:37<\/span><\/p>\n<p><span class=\"sp-nh-title\">Foot : Nsengi-Biembe se r\u00e9jouit d&rsquo;affronter une \u00e9quipe prestigieuse comme l&rsquo;Alg\u00e9rie<\/span> &#8211; <span class=\"sp-nh-date\">mercredi 9 octobre 2019 17:34<\/span><\/p>\n<p><span class=\"sp-nh-title\">Football\/Alg\u00e9rie &#8211; RDC (amical) : faible engouement pour l\u2019achat des billets du match<\/span> &#8211; <span class=\"sp-nh-date\">mercredi 9 octobre 2019 17:23<\/span><\/p>\n<p><span class=\"sp-nh-title\">L&rsquo;ANP r\u00e9affirme son attachement \u00e0 l&rsquo;organisation de l&rsquo;\u00e9lection pr\u00e9sidentielle dans le d\u00e9lai fix\u00e9\u00a0<\/span> &#8211; <span class=\"sp-nh-date\">mercredi 9 octobre 2019 17:19<\/span><\/p>\n<p><span class=\"sp-nh-title\">Produits alg\u00e9riens : des avanc\u00e9es qualitatives et des perspectives pour les exportations<\/span> &#8211; <span class=\"sp-nh-date\">mercredi 9 octobre 2019 17:14<\/span><\/p>\n<p><span class=\"sp-nh-title\">Les africains doivent se doter de leurs propres normes pour booster les \u00e9changes<\/span> &#8211; <span class=\"sp-nh-date\">mercredi 9 octobre 2019 16:44<\/span><\/p>\n<p><span class=\"sp-nh-title\">La police judiciaire de Ch\u00e9raga d\u00e9mant\u00e8le un r\u00e9seau sp\u00e9cialis\u00e9 dans la contrebande internationale de tabac<\/span> &#8211; <span class=\"sp-nh-date\">mercredi 9 octobre 2019 16:31<\/span><\/p>\n<p><span class=\"sp-nh-title\">Ouargla: cr\u00e9ation d\u2019une cellule d\u2019\u00e9coute et de conseil au centre culturel islamique<\/span> &#8211; <span class=\"sp-nh-date\">mercredi 9 octobre 2019 16:28<\/span><\/p>\n<p><span class=\"sp-nh-title\">Mila : acclimatation du faisan commun en milieu forestier de Hamala<\/span> &#8211; <span class=\"sp-nh-date\">mercredi 9 octobre 2019 16:13<\/span><\/p>\n<p><span class=\"sp-nh-title\">Le peintre Hachemi Ameur expose \u00e0 Alger ses Carnets de voyages 2<\/span> &#8211; <span class=\"sp-nh-date\">mercredi 9 octobre 2019 15:45<\/span><\/p>\n<p>Auteur:<br \/>\n<a href=\"http:\/\/www.aps.dz\/sport\/95468-danone-nations-cup-l-equipe-scolaire-de-jijel-representera-l-algerie?utm_source=feedburner&#038;utm_medium=feed&#038;utm_campaign=Feed%3A+aps-sport+%28APS+-+SPORT%29\">Cliquez ici pour lire l&rsquo;article depuis sa source.<\/a><\/p>\n","protected":false},"excerpt":{"rendered":"<p>Batna : arr\u00eat du pompage des eaux du barrage de Kouediet Lemdouar &#8211; mercredi 9 octobre 2019 19:29 Pr\u00e9sidentielle du 12 d\u00e9cembre: 137 postulants retirent les formulaires de souscription &#8211; mercredi 9 octobre 2019 19:18 Fin des travaux de la 28e AG de l&rsquo;AMAN: passation de la pr\u00e9sidence \u00e0 l&rsquo;APS &#8211; mercredi 9 octobre 2019 [&hellip;]<\/p>\n","protected":false},"author":1790,"featured_media":0,"comment_status":"closed","ping_status":"closed","sticky":false,"template":"","format":"standard","meta":{"fifu_image_url":"","fifu_image_alt":"","footnotes":""},"categories":[53,75],"tags":[],"class_list":["post-63847","post","type-post","status-publish","format-standard","hentry","category-algerie","category-sport"],"_links":{"self":[{"href":"https:\/\/linitiative.ca\/International\/wp-json\/wp\/v2\/posts\/63847","targetHints":{"allow":["GET"]}}],"collection":[{"href":"https:\/\/linitiative.ca\/International\/wp-json\/wp\/v2\/posts"}],"about":[{"href":"https:\/\/linitiative.ca\/International\/wp-json\/wp\/v2\/types\/post"}],"author":[{"embeddable":true,"href":"https:\/\/linitiative.ca\/International\/wp-json\/wp\/v2\/users\/1790"}],"replies":[{"embeddable":true,"href":"https:\/\/linitiative.ca\/International\/wp-json\/wp\/v2\/comments?post=63847"}],"version-history":[{"count":0,"href":"https:\/\/linitiative.ca\/International\/wp-json\/wp\/v2\/posts\/63847\/revisions"}],"wp:attachment":[{"href":"https:\/\/linitiative.ca\/International\/wp-json\/wp\/v2\/media?parent=63847"}],"wp:term":[{"taxonomy":"category","embeddable":true,"href":"https:\/\/linitiative.ca\/International\/wp-json\/wp\/v2\/categories?post=63847"},{"taxonomy":"post_tag","embeddable":true,"href":"https:\/\/linitiative.ca\/International\/wp-json\/wp\/v2\/tags?post=63847"}],"curies":[{"name":"wp","href":"https:\/\/api.w.org\/{rel}","templated":true}]}}