{"id":63849,"date":"2019-10-09T12:34:00","date_gmt":"2019-10-09T16:34:00","guid":{"rendered":"https:\/\/linitiative.ca\/International\/bouira-attaque-a-main-armee-dun-bureau-de-poste\/"},"modified":"2019-10-09T12:34:00","modified_gmt":"2019-10-09T16:34:00","slug":"bouira-attaque-a-main-armee-dun-bureau-de-poste","status":"publish","type":"post","link":"https:\/\/linitiative.ca\/International\/bouira-attaque-a-main-armee-dun-bureau-de-poste\/","title":{"rendered":"BOUIRA : Attaque \u00e0 main arm\u00e9e d\u2019un bureau de Poste"},"content":{"rendered":"<p><br id=\"sep_para_1\" class=\"sep_para access\"\/><\/p>\n<div id=\"para_1\" class=\"para_33435198 resize\">\n<div class=\"texte access firstletter\">Un bureau de poste a \u00e9t\u00e9 attaqu\u00e9 ce mardi 8 octobre au village Imerkalen, dans la localit\u00e9 de Taghzout, au nord de Bouira rapportent\u00a0 des sources locales. Trois individus arm\u00e9s ont en effet agi en plein jour pour commettre leur forfait au bureau de poste de ce village. Selon les m\u00eames sources, les trois malfaiteurs ont fait irruption dans le bureau de Poste arm\u00e9s d\u2019un fusil de chasse et d\u2019une bombe \u00e0 gaz lacrymog\u00e8ne. Ils n\u2019ont pas jug\u00e9 n\u00e9cessaire de se cacher le visage. En moins d\u2019un quart d\u2019heure, ils se sont empar\u00e9s de la somme d\u2019un million de dinars avant de prendre la fuite. Les services de s\u00e9curit\u00e9 ont lanc\u00e9 juste apr\u00e8s le braquage une op\u00e9ration de recherche pour trouver les membres du gang. Une enqu\u00eate est ouverte \u00e9galement pour d\u00e9terminer les circonstances de ce forfait et situer les responsabilit\u00e9s. Il s\u2019agira aussi d\u2019identifier d\u2019\u00e9ventuels complices qui auraient facilit\u00e9 le braquage. Ce n\u2019est pas la premi\u00e8re fois qu\u2019un bureau de poste est la cible d\u2019un vol \u00e0 main arm\u00e9e en Kabylie. Le 7 septembre dernier, c\u2019est le bureau de poste du village Tifra, \u00e0 Tigzirt, en Kabylie maritime, qui a enregistr\u00e9 un hold-up. Les assaillants ont op\u00e9r\u00e9 \u00e0 l\u2019heure de la fermeture avec des armes blanches, mais n\u2019ont pu prendre qu\u2019une petite somme de la caisse, le receveur ayant refus\u00e9 d\u2019ouvrir le coffre. Mais les \u00e9l\u00e9ments de la gendarmerie ont arr\u00eat\u00e9 l\u2019un des trois auteurs du braquage, quelques heures \u00e0 peine apr\u00e8s les faits.\u00a0\u00a0\u00a0\u00a0\u00a0<\/div>\n<\/div>\n<p>Auteur: Nadine<br \/>\n<a href=\"https:\/\/www.reflexiondz.net\/BOUIRA-Attaque-a-main-armee-d-un-bureau-de-Poste_a58121.html\">Cliquez ici pour lire l&rsquo;article depuis sa source.<\/a><\/p>\n","protected":false},"excerpt":{"rendered":"<p>Un bureau de poste a \u00e9t\u00e9 attaqu\u00e9 ce mardi 8 octobre au village Imerkalen, dans la localit\u00e9 de Taghzout, au nord de Bouira rapportent\u00a0 des sources locales. Trois individus arm\u00e9s ont en effet agi en plein jour pour commettre leur forfait au bureau de poste de ce village. Selon les m\u00eames sources, les trois malfaiteurs [&hellip;]<\/p>\n","protected":false},"author":1740,"featured_media":0,"comment_status":"closed","ping_status":"closed","sticky":false,"template":"","format":"standard","meta":{"fifu_image_url":"","fifu_image_alt":"","footnotes":""},"categories":[53,76],"tags":[],"class_list":["post-63849","post","type-post","status-publish","format-standard","hentry","category-algerie","category-regions"],"_links":{"self":[{"href":"https:\/\/linitiative.ca\/International\/wp-json\/wp\/v2\/posts\/63849","targetHints":{"allow":["GET"]}}],"collection":[{"href":"https:\/\/linitiative.ca\/International\/wp-json\/wp\/v2\/posts"}],"about":[{"href":"https:\/\/linitiative.ca\/International\/wp-json\/wp\/v2\/types\/post"}],"author":[{"embeddable":true,"href":"https:\/\/linitiative.ca\/International\/wp-json\/wp\/v2\/users\/1740"}],"replies":[{"embeddable":true,"href":"https:\/\/linitiative.ca\/International\/wp-json\/wp\/v2\/comments?post=63849"}],"version-history":[{"count":0,"href":"https:\/\/linitiative.ca\/International\/wp-json\/wp\/v2\/posts\/63849\/revisions"}],"wp:attachment":[{"href":"https:\/\/linitiative.ca\/International\/wp-json\/wp\/v2\/media?parent=63849"}],"wp:term":[{"taxonomy":"category","embeddable":true,"href":"https:\/\/linitiative.ca\/International\/wp-json\/wp\/v2\/categories?post=63849"},{"taxonomy":"post_tag","embeddable":true,"href":"https:\/\/linitiative.ca\/International\/wp-json\/wp\/v2\/tags?post=63849"}],"curies":[{"name":"wp","href":"https:\/\/api.w.org\/{rel}","templated":true}]}}