{"id":63850,"date":"2019-10-09T12:34:00","date_gmt":"2019-10-09T16:34:00","guid":{"rendered":"https:\/\/linitiative.ca\/International\/presidentielle-du-12-decembre-133-postulants-ont-retire-les-formulaires-de-souscription\/"},"modified":"2019-10-09T12:34:00","modified_gmt":"2019-10-09T16:34:00","slug":"presidentielle-du-12-decembre-133-postulants-ont-retire-les-formulaires-de-souscription","status":"publish","type":"post","link":"https:\/\/linitiative.ca\/International\/presidentielle-du-12-decembre-133-postulants-ont-retire-les-formulaires-de-souscription\/","title":{"rendered":"PRESIDENTIELLE DU 12 DECEMBRE  : 133 postulants ont retir\u00e9 les formulaires de souscription"},"content":{"rendered":"<p><br id=\"sep_para_1\" class=\"sep_para access\"\/><\/p>\n<div id=\"para_1\" class=\"para_33435199 resize\">\n<div class=\"texte access firstletter\">Le nombre de postulants \u00e0 la pr\u00e9sidentielle du 12 d\u00e9cembre qui ont retir\u00e9 les imprim\u00e9s de souscription a atteint au mardi 8 octobre, \u00e0 13 heures 30, le chiffre de 133, selon Ali Dra\u00e2, porte parole de l\u2019Autorit\u00e9 ind\u00e9pendante de surveillance de l\u2019\u00e9lection. En dehors d\u2019Ali Benflis, Abdelmadjid Tebboune, Azzedine Mihoubi et un degr\u00e9 moindre Belkacem Sahli\u00a0 et Abdelaziz B\u00e9laid du parti El Moustakbel, tout le reste sont des inconnus sur la sc\u00e8ne politique et leur course devrait s\u2019arr\u00eater \u00e0 l\u2019obstacle de la collecte des signatures de citoyens. Pour rappel, l\u2019op\u00e9ration de retraits des formulaires de souscriptions doit se poursuivre jusqu\u2019au 25 octobre, alors que l\u2019Autorit\u00e9 ind\u00e9pendante, sous la pr\u00e9sidence de Mohamed Charfi, continue d\u2019installer les d\u00e9l\u00e9gu\u00e9s de wilaya, qui doivent \u00e0 leur tour dupliquer la m\u00eame op\u00e9ration au niveau des communes. Le pr\u00e9sident de l\u2019Autorit\u00e9 \u00e9lectorale a annonc\u00e9 aujourd\u2019hui qu\u2019un stage de formation de deux jours, qui se d\u00e9roulera \u00e0 Alger, sera d\u00e9di\u00e9 aux d\u00e9l\u00e9gu\u00e9s au niveau communal pour les impr\u00e9gner des protocoles de surveillance.<\/div>\n<\/div>\n<p>Auteur: Ismain<br \/>\n<a href=\"https:\/\/www.reflexiondz.net\/PRESIDENTIELLE-DU-12-DECEMBRE-133-postulants-ont-retire-les-formulaires-de-souscription_a58122.html\">Cliquez ici pour lire l&rsquo;article depuis sa source.<\/a><\/p>\n","protected":false},"excerpt":{"rendered":"<p>Le nombre de postulants \u00e0 la pr\u00e9sidentielle du 12 d\u00e9cembre qui ont retir\u00e9 les imprim\u00e9s de souscription a atteint au mardi 8 octobre, \u00e0 13 heures 30, le chiffre de 133, selon Ali Dra\u00e2, porte parole de l\u2019Autorit\u00e9 ind\u00e9pendante de surveillance de l\u2019\u00e9lection. En dehors d\u2019Ali Benflis, Abdelmadjid Tebboune, Azzedine Mihoubi et un degr\u00e9 moindre [&hellip;]<\/p>\n","protected":false},"author":1740,"featured_media":0,"comment_status":"closed","ping_status":"closed","sticky":false,"template":"","format":"standard","meta":{"fifu_image_url":"","fifu_image_alt":"","footnotes":""},"categories":[53,76],"tags":[],"class_list":["post-63850","post","type-post","status-publish","format-standard","hentry","category-algerie","category-regions"],"_links":{"self":[{"href":"https:\/\/linitiative.ca\/International\/wp-json\/wp\/v2\/posts\/63850","targetHints":{"allow":["GET"]}}],"collection":[{"href":"https:\/\/linitiative.ca\/International\/wp-json\/wp\/v2\/posts"}],"about":[{"href":"https:\/\/linitiative.ca\/International\/wp-json\/wp\/v2\/types\/post"}],"author":[{"embeddable":true,"href":"https:\/\/linitiative.ca\/International\/wp-json\/wp\/v2\/users\/1740"}],"replies":[{"embeddable":true,"href":"https:\/\/linitiative.ca\/International\/wp-json\/wp\/v2\/comments?post=63850"}],"version-history":[{"count":0,"href":"https:\/\/linitiative.ca\/International\/wp-json\/wp\/v2\/posts\/63850\/revisions"}],"wp:attachment":[{"href":"https:\/\/linitiative.ca\/International\/wp-json\/wp\/v2\/media?parent=63850"}],"wp:term":[{"taxonomy":"category","embeddable":true,"href":"https:\/\/linitiative.ca\/International\/wp-json\/wp\/v2\/categories?post=63850"},{"taxonomy":"post_tag","embeddable":true,"href":"https:\/\/linitiative.ca\/International\/wp-json\/wp\/v2\/tags?post=63850"}],"curies":[{"name":"wp","href":"https:\/\/api.w.org\/{rel}","templated":true}]}}