{"id":63858,"date":"2019-10-09T06:33:30","date_gmt":"2019-10-09T10:33:30","guid":{"rendered":"https:\/\/linitiative.ca\/International\/marche-et-greve-generale-a-haizer-bouira-liberez-nos-enfants\/"},"modified":"2019-10-09T06:33:30","modified_gmt":"2019-10-09T10:33:30","slug":"marche-et-greve-generale-a-haizer-bouira-liberez-nos-enfants","status":"publish","type":"post","link":"https:\/\/linitiative.ca\/International\/marche-et-greve-generale-a-haizer-bouira-liberez-nos-enfants\/","title":{"rendered":"Marche et gr\u00e8ve g\u00e9n\u00e9rale \u00e0 Haizer (Bouira) : \u00ab Lib\u00e9rez nos enfants ! \u00bb"},"content":{"rendered":"<h4 class=\"title-14\"\/>\n<div class=\"featured_image\"><img width=\"1200\" height=\"900\" data-cfsrc=\"https:\/\/www.elwatan.com\/wp-content\/uploads\/2019\/10\/Marche-Haizar-e1570617070761.jpg\" class=\"attachment-post-thumbnail size-post-thumbnail wp-post-image c2\" alt=\"\"\/><noscript><\/p>\n<p><img loading=\"lazy\" decoding=\"async\" width=\"1200\" height=\"900\" src=\"https:\/\/www.elwatan.com\/wp-content\/uploads\/2019\/10\/Marche-Haizar-e1570617070761.jpg\" class=\"attachment-post-thumbnail size-post-thumbnail wp-post-image\" alt=\"\"\/><\/p>\n<p><\/noscript><\/div>\n<p dir=\"auto\">Des centaines de personnes ont march\u00e9, aujourd\u2019hui mercredi \u00e0 la ville de Haizer, dans la wilaya de Bouira, pour r\u00e9clamer la lib\u00e9ration sans conditions des d\u00e9tenus politiques et d\u2019opinion.<\/p>\n<p dir=\"auto\">Munis de pancartes, les manifestants ont scand\u00e9 des slogans hostiles au pouvoir et au au chef d\u2019\u00e9tat-major de l\u2019arm\u00e9e, Ahmed Gaid Salah.<\/p>\n<p dir=\"auto\">\u00ab Peuple s\u2019engage, syst\u00e8me d\u00e9gage ! \u00bb \u00ab Non au pouvoir des casernes \u00bb, lit-on sur des pancartes brandies par la foule qui a \u00e9galement d\u00e9ploy\u00e9 des portraits de d\u00e9tenus, dont ceux de Lakhdar Boureg\u00e2a, Karim Tabbou et Samira Messoussi.<\/p>\n<p dir=\"auto\">Sur une banderole g\u00e9ante, on pouvait lire : \u00ab Lib\u00e9ration des d\u00e9tenus. Ulac Lvote Ulac. Pour une transition d\u00e9mocratique \u00bb. La procession humaine a d\u00e9marr\u00e9 depuis le centre ville avant de sillonner quelques rues du chef-lieu communal. Tout au long de la marche, les manifestants ont r\u00e9affirm\u00e9 leur soutien \u00e0 tous les prisonniers d\u2019opinion qui croupissent dans les ge\u00f4les du pouvoir.<\/p>\n<p dir=\"auto\">Pr\u00e9sent \u00e0 la marche, Mohamed Aissous, p\u00e8re du jeune Massinissa, un <a href=\"https:\/\/www.elwatan.com\/edition\/actualite\/hakim-addad-et-quatre-militants-du-raj-places-sous-mandat-de-depot-a-la-prison-del-harrach-06-10-2019\">militant du RAJ incarc\u00e9r\u00e9 dimanche dernier \u00e0 la prison d\u2019El Harrach<\/a>, a appel\u00e9 \u00e0 la lib\u00e9ration de son fils et de tous les militants injustement jet\u00e9s en prison. Meziane Chabane, \u00e9lu RCD \u00e0 l\u2019APW de Bouira, a d\u00e9nonc\u00e9 de mani\u00e8re forte \u00ab le mode r\u00e9pressif \u00bb des tenants du pouvoir et les arrestations arbitraires des citoyens.<\/p>\n<p dir=\"auto\">Durant tout l\u2019itin\u00e9raire de la marche, la foule scandait : \u00ab lib\u00e9rez nos enfants (\u2026) \u00bb \u00ab Lib\u00e9rez les otages \u00bb \u00ab Pouvoir assassin ! \u00bb.<\/p>\n<p dir=\"auto\">Par ailleurs, des commen\u00e7ants de la ville de Haizer ont baiss\u00e9 rideau en signe de solidarit\u00e9 avec les familles des d\u00e9tenus, dont quartes sont originaires de la r\u00e9gion.<\/p>\n<p><span class=\"post-views-label\">Post Views:<\/span> <span class=\"post-views-count\">515<\/span><\/p>\n<p><br class=\"c4\"\/><\/p>\n<p>Auteur: Mohand Yahiaoui<br \/>\n<a href=\"https:\/\/www.elwatan.com\/edition\/actualite\/marche-et-greve-generale-a-haizer-bouira-liberez-nos-enfants-bande-de-criminels-09-10-2019\">Cliquez ici pour lire l&rsquo;article depuis sa source.<\/a><\/p>\n","protected":false},"excerpt":{"rendered":"<p>Des centaines de personnes ont march\u00e9, aujourd\u2019hui mercredi \u00e0 la ville de Haizer, dans la wilaya de Bouira, pour r\u00e9clamer la lib\u00e9ration sans conditions des d\u00e9tenus politiques et d\u2019opinion. Munis de pancartes, les manifestants ont scand\u00e9 des slogans hostiles au pouvoir et au au chef d\u2019\u00e9tat-major de l\u2019arm\u00e9e, Ahmed Gaid Salah. \u00ab Peuple s\u2019engage, syst\u00e8me [&hellip;]<\/p>\n","protected":false},"author":1743,"featured_media":63859,"comment_status":"closed","ping_status":"closed","sticky":false,"template":"","format":"standard","meta":{"fifu_image_url":"","fifu_image_alt":"","footnotes":""},"categories":[73,53],"tags":[],"class_list":["post-63858","post","type-post","status-publish","format-standard","has-post-thumbnail","hentry","category-actualite","category-algerie"],"_links":{"self":[{"href":"https:\/\/linitiative.ca\/International\/wp-json\/wp\/v2\/posts\/63858","targetHints":{"allow":["GET"]}}],"collection":[{"href":"https:\/\/linitiative.ca\/International\/wp-json\/wp\/v2\/posts"}],"about":[{"href":"https:\/\/linitiative.ca\/International\/wp-json\/wp\/v2\/types\/post"}],"author":[{"embeddable":true,"href":"https:\/\/linitiative.ca\/International\/wp-json\/wp\/v2\/users\/1743"}],"replies":[{"embeddable":true,"href":"https:\/\/linitiative.ca\/International\/wp-json\/wp\/v2\/comments?post=63858"}],"version-history":[{"count":0,"href":"https:\/\/linitiative.ca\/International\/wp-json\/wp\/v2\/posts\/63858\/revisions"}],"wp:featuredmedia":[{"embeddable":true,"href":"https:\/\/linitiative.ca\/International\/wp-json\/"}],"wp:attachment":[{"href":"https:\/\/linitiative.ca\/International\/wp-json\/wp\/v2\/media?parent=63858"}],"wp:term":[{"taxonomy":"category","embeddable":true,"href":"https:\/\/linitiative.ca\/International\/wp-json\/wp\/v2\/categories?post=63858"},{"taxonomy":"post_tag","embeddable":true,"href":"https:\/\/linitiative.ca\/International\/wp-json\/wp\/v2\/tags?post=63858"}],"curies":[{"name":"wp","href":"https:\/\/api.w.org\/{rel}","templated":true}]}}