{"id":63860,"date":"2019-10-09T09:39:01","date_gmt":"2019-10-09T13:39:01","guid":{"rendered":"https:\/\/linitiative.ca\/International\/constantine-amazigh-semani-condamne-a-un-an-de-prison-ferme\/"},"modified":"2019-10-09T09:39:01","modified_gmt":"2019-10-09T13:39:01","slug":"constantine-amazigh-semani-condamne-a-un-an-de-prison-ferme","status":"publish","type":"post","link":"https:\/\/linitiative.ca\/International\/constantine-amazigh-semani-condamne-a-un-an-de-prison-ferme\/","title":{"rendered":"Constantine : Amazigh Semani condamn\u00e9 \u00e0 un an de prison ferme"},"content":{"rendered":"<h4 class=\"title-14\"\/>\n<p>Amazigh Semani a \u00e9t\u00e9 condamn\u00e9, aujourd\u2019hui, par le tribunal de Ziadia (Constantine) \u00e0 un an de prison ferme pour le chef d\u2019inculpation\u00a0\u00ab\u00a0 <em>profanation de l\u2019embl\u00e8me national\u00a0<\/em>\u00bb. Il a \u00e9t\u00e9 relax\u00e9 pour l\u2019autre chef d\u2019inculpation <em>\u00ab\u00a0atteinte \u00e0 l\u2019int\u00e9grit\u00e9 nationale\u00bb<\/em>, tout autant que son ami Ameziane Tanfiche.<\/p>\n<p>L\u2019affaire remonte au 18 septembre dernier. Les deux jeunes originaires de Toudja (B\u00e9jaia) furent interpell\u00e9s au centre-ville de Constantine alors qu\u2019ils prenaient des photos avec l\u2019embl\u00e8me amazigh. Lors de l\u2019audience tenue le 2 octobre, le procureur de la R\u00e9publique a requis une peine de 5 ans de prison \u00e0 l\u2019encontre de Amazigh et 3 ans pour Ameziane, qui a comparu libre.<\/p>\n<p><span class=\"post-views-label\">Post Views:<\/span> <span class=\"post-views-count\">537<\/span><\/p>\n<p><br class=\"c4\"\/><\/p>\n<p>Auteur: Farouk Djouadi<br \/>\n<a href=\"https:\/\/www.elwatan.com\/edition\/actualite\/constantine-amazigh-semani-condamne-a-un-an-de-prison-ferme-09-10-2019\">Cliquez ici pour lire l&rsquo;article depuis sa source.<\/a><\/p>\n","protected":false},"excerpt":{"rendered":"<p>Amazigh Semani a \u00e9t\u00e9 condamn\u00e9, aujourd\u2019hui, par le tribunal de Ziadia (Constantine) \u00e0 un an de prison ferme pour le chef d\u2019inculpation\u00a0\u00ab\u00a0 profanation de l\u2019embl\u00e8me national\u00a0\u00bb. Il a \u00e9t\u00e9 relax\u00e9 pour l\u2019autre chef d\u2019inculpation \u00ab\u00a0atteinte \u00e0 l\u2019int\u00e9grit\u00e9 nationale\u00bb, tout autant que son ami Ameziane Tanfiche. L\u2019affaire remonte au 18 septembre dernier. Les deux jeunes originaires [&hellip;]<\/p>\n","protected":false},"author":1743,"featured_media":0,"comment_status":"closed","ping_status":"closed","sticky":false,"template":"","format":"standard","meta":{"fifu_image_url":"","fifu_image_alt":"","footnotes":""},"categories":[73,53],"tags":[],"class_list":["post-63860","post","type-post","status-publish","format-standard","hentry","category-actualite","category-algerie"],"_links":{"self":[{"href":"https:\/\/linitiative.ca\/International\/wp-json\/wp\/v2\/posts\/63860","targetHints":{"allow":["GET"]}}],"collection":[{"href":"https:\/\/linitiative.ca\/International\/wp-json\/wp\/v2\/posts"}],"about":[{"href":"https:\/\/linitiative.ca\/International\/wp-json\/wp\/v2\/types\/post"}],"author":[{"embeddable":true,"href":"https:\/\/linitiative.ca\/International\/wp-json\/wp\/v2\/users\/1743"}],"replies":[{"embeddable":true,"href":"https:\/\/linitiative.ca\/International\/wp-json\/wp\/v2\/comments?post=63860"}],"version-history":[{"count":0,"href":"https:\/\/linitiative.ca\/International\/wp-json\/wp\/v2\/posts\/63860\/revisions"}],"wp:attachment":[{"href":"https:\/\/linitiative.ca\/International\/wp-json\/wp\/v2\/media?parent=63860"}],"wp:term":[{"taxonomy":"category","embeddable":true,"href":"https:\/\/linitiative.ca\/International\/wp-json\/wp\/v2\/categories?post=63860"},{"taxonomy":"post_tag","embeddable":true,"href":"https:\/\/linitiative.ca\/International\/wp-json\/wp\/v2\/tags?post=63860"}],"curies":[{"name":"wp","href":"https:\/\/api.w.org\/{rel}","templated":true}]}}