{"id":63861,"date":"2019-10-09T09:58:00","date_gmt":"2019-10-09T13:58:00","guid":{"rendered":"https:\/\/linitiative.ca\/International\/msila-14-manifestants-places-sous-mandat-de-depot\/"},"modified":"2019-10-09T09:58:00","modified_gmt":"2019-10-09T13:58:00","slug":"msila-14-manifestants-places-sous-mandat-de-depot","status":"publish","type":"post","link":"https:\/\/linitiative.ca\/International\/msila-14-manifestants-places-sous-mandat-de-depot\/","title":{"rendered":"M\u2019sila : 14 manifestants plac\u00e9s sous mandat  de d\u00e9p\u00f4t"},"content":{"rendered":"<h4 class=\"title-14\"\/>\n<p>Au total 14 personnes parmi les manifestants ayant r\u00e9clam\u00e9 dans la nuit de dimanche \u00e0 lundi \u00e0 M\u2019sila de h\u00e2ter l\u2019affichage de la liste de b\u00e9n\u00e9ficiaires de logements sociaux ont \u00e9t\u00e9 plac\u00e9es en d\u00e9tention pr\u00e9ventive par le juge instructeur pr\u00e8s le tribunal de M\u2019sila, apprend-on mercredi de source judiciaire.<\/p>\n<p>Les personnes d\u00e9tenues ont \u00e9t\u00e9 accus\u00e9es \u00ab\u00a0d\u2019attroupement, de tentative d\u2019agression d\u2019\u00e9l\u00e9ments d\u2019une force publique et de destruction de bien de l\u2019Etat\u00a0\u00bb, a indiqu\u00e9 la m\u00eame source qui a pr\u00e9cis\u00e9 que huit autres personnes interpell\u00e9es compara\u00eetront ult\u00e9rieurement devant le juge instructeur sous les m\u00eames chefs d\u2019inculpation.\u00a0 La m\u00eame source a rappel\u00e9 que ces 22 personnes avaient \u00e9t\u00e9 interpell\u00e9es\u00a0\u00a0 suite aux \u00e9meutes survenues dans certains quartiers de la ville de M\u2019sila la nuit de dimanche \u00e0 lundi, et ont \u00e9t\u00e9 pr\u00e9sent\u00e9es mardi devant le procureur de la R\u00e9publique qui a renvoy\u00e9 leur affaire devant le juge instructeur pr\u00e8s le m\u00eame tribunal.<\/p>\n<p>Au cours de ces \u00e9v\u00e9nements qu\u2019avaient v\u00e9cus plusieurs quartiers de la ville de M\u2019sila dont celui d\u2019Echbilia, huit policiers avaient \u00e9t\u00e9 bless\u00e9s et des biens publics d\u00e9truits.<\/p>\n<p><span class=\"post-views-label\">Post Views:<\/span> <span class=\"post-views-count\">317<\/span><\/p>\n<p><br class=\"c4\"\/><\/p>\n<p>Auteur: Farouk Djouadi<br \/>\n<a href=\"https:\/\/www.elwatan.com\/edition\/actualite\/msila-14-manifestants-places-sous-mandat-de-depot-09-10-2019\">Cliquez ici pour lire l&rsquo;article depuis sa source.<\/a><\/p>\n","protected":false},"excerpt":{"rendered":"<p>Au total 14 personnes parmi les manifestants ayant r\u00e9clam\u00e9 dans la nuit de dimanche \u00e0 lundi \u00e0 M\u2019sila de h\u00e2ter l\u2019affichage de la liste de b\u00e9n\u00e9ficiaires de logements sociaux ont \u00e9t\u00e9 plac\u00e9es en d\u00e9tention pr\u00e9ventive par le juge instructeur pr\u00e8s le tribunal de M\u2019sila, apprend-on mercredi de source judiciaire. Les personnes d\u00e9tenues ont \u00e9t\u00e9 accus\u00e9es [&hellip;]<\/p>\n","protected":false},"author":1743,"featured_media":0,"comment_status":"closed","ping_status":"closed","sticky":false,"template":"","format":"standard","meta":{"fifu_image_url":"","fifu_image_alt":"","footnotes":""},"categories":[73,53],"tags":[],"class_list":["post-63861","post","type-post","status-publish","format-standard","hentry","category-actualite","category-algerie"],"_links":{"self":[{"href":"https:\/\/linitiative.ca\/International\/wp-json\/wp\/v2\/posts\/63861","targetHints":{"allow":["GET"]}}],"collection":[{"href":"https:\/\/linitiative.ca\/International\/wp-json\/wp\/v2\/posts"}],"about":[{"href":"https:\/\/linitiative.ca\/International\/wp-json\/wp\/v2\/types\/post"}],"author":[{"embeddable":true,"href":"https:\/\/linitiative.ca\/International\/wp-json\/wp\/v2\/users\/1743"}],"replies":[{"embeddable":true,"href":"https:\/\/linitiative.ca\/International\/wp-json\/wp\/v2\/comments?post=63861"}],"version-history":[{"count":0,"href":"https:\/\/linitiative.ca\/International\/wp-json\/wp\/v2\/posts\/63861\/revisions"}],"wp:attachment":[{"href":"https:\/\/linitiative.ca\/International\/wp-json\/wp\/v2\/media?parent=63861"}],"wp:term":[{"taxonomy":"category","embeddable":true,"href":"https:\/\/linitiative.ca\/International\/wp-json\/wp\/v2\/categories?post=63861"},{"taxonomy":"post_tag","embeddable":true,"href":"https:\/\/linitiative.ca\/International\/wp-json\/wp\/v2\/tags?post=63861"}],"curies":[{"name":"wp","href":"https:\/\/api.w.org\/{rel}","templated":true}]}}