{"id":63862,"date":"2019-10-09T12:31:31","date_gmt":"2019-10-09T16:31:31","guid":{"rendered":"https:\/\/linitiative.ca\/International\/marche-du-33e-mardi-a-alger-six-manifestants-dont-un-etudiant-places-sous-controle-judiciaire\/"},"modified":"2019-10-09T12:31:31","modified_gmt":"2019-10-09T16:31:31","slug":"marche-du-33e-mardi-a-alger-six-manifestants-dont-un-etudiant-places-sous-controle-judiciaire","status":"publish","type":"post","link":"https:\/\/linitiative.ca\/International\/marche-du-33e-mardi-a-alger-six-manifestants-dont-un-etudiant-places-sous-controle-judiciaire\/","title":{"rendered":"Marche du 33e mardi \u00e0 Alger : six manifestants dont un \u00e9tudiant plac\u00e9s sous contr\u00f4le judiciaire"},"content":{"rendered":"<h4 class=\"title-14\"\/>\n<div class=\"featured_image\"><img width=\"480\" height=\"360\" data-cfsrc=\"https:\/\/www.elwatan.com\/wp-content\/uploads\/2019\/10\/mardi-33.jpg\" class=\"attachment-post-thumbnail size-post-thumbnail wp-post-image c2\" alt=\"\" srcset=\"https:\/\/www.elwatan.com\/wp-content\/uploads\/2019\/10\/mardi-33.jpg 480w, https:\/\/www.elwatan.com\/wp-content\/uploads\/2019\/10\/mardi-33-300x225.jpg 300w\" sizes=\"(max-width: 480px) 100vw, 480px\"\/><noscript><\/p>\n<p><img loading=\"lazy\" decoding=\"async\" width=\"480\" height=\"360\" src=\"https:\/\/www.elwatan.com\/wp-content\/uploads\/2019\/10\/mardi-33.jpg\" class=\"attachment-post-thumbnail size-post-thumbnail wp-post-image\" alt=\"\" srcset=\"https:\/\/www.elwatan.com\/wp-content\/uploads\/2019\/10\/mardi-33.jpg 480w, https:\/\/www.elwatan.com\/wp-content\/uploads\/2019\/10\/mardi-33-300x225.jpg 300w\" sizes=\"auto, (max-width: 480px) 100vw, 480px\"\/><\/p>\n<p><\/noscript> <span class=\"featured-image-caption\">Des dizaines de manifestants arr\u00eat\u00e9s lors de la marche du 33e mardi \u00e0 Alger. Photo : Rachid L.<\/span><\/div>\n<p>Six personnes, arr\u00eat\u00e9es hier lors de la marche des \u00e9tudiants \u00e0 Alger, ont \u00e9t\u00e9 plac\u00e9es, aujourd\u2019hui mercredi, sous contr\u00f4le judiciaire par le juge d\u2019instruction pr\u00e8s le tribunal de Bab El Oued.<\/p>\n<p>\u00ab\u00a0Les six personnes plac\u00e9es en garde \u00e0 vue hier dans le sillage de la marche des \u00e9tudiants ont \u00e9t\u00e9 pr\u00e9sent\u00e9es ce matin devant le procureur de la R\u00e9publique pr\u00e8s le tribunal de Bab El Oued. Elles sont accus\u00e9es de trouble \u00e0 l\u2019ordre public. Le juge d\u2019instruction pr\u00e8s le m\u00eame tribunal a d\u00e9cid\u00e9 de les placer sous contr\u00f4le judiciaire\u00a0\u00bb, a indiqu\u00e9 l\u2019avocat Seddik Mouhous, dans une d\u00e9claration \u00e0 <em>elwatan.com<\/em>.<\/p>\n<p>Il s\u2019agit d\u2019un \u00e9tudiant, Bachen Fouad, arr\u00eat\u00e9 avant le d\u00e9but de la marche et de 4 citoyens qui ont pris part \u00e0 la manifestation de mardi. Un autre citoyen a \u00e9t\u00e9 arr\u00eat\u00e9 alors qu\u2019il passait devant la foule des manifestants, a pr\u00e9cis\u00e9 Me Mouhous.<\/p>\n<p>Selon l\u2019avocat, tous les <a href=\"https:\/\/www.elwatan.com\/edition\/actualite\/la-police-reprime-la-marche-du-34e-mardi-a-alger-08-10-2019\">manifestants arr\u00eat\u00e9s hier \u00e0 Alger ont \u00e9t\u00e9 lib\u00e9r\u00e9s<\/a>.<\/p>\n<p><span class=\"post-views-label\">Post Views:<\/span> <span class=\"post-views-count\">223<\/span><\/p>\n<p><br class=\"c4\"\/><\/p>\n<p>Auteur: Farouk Djouadi<br \/>\n<a href=\"https:\/\/www.elwatan.com\/edition\/actualite\/marche-du-33e-mardi-a-alger-six-manifestants-dont-un-etudiant-places-sous-controle-judiciaire-09-10-2019\">Cliquez ici pour lire l&rsquo;article depuis sa source.<\/a><\/p>\n","protected":false},"excerpt":{"rendered":"<p>Des dizaines de manifestants arr\u00eat\u00e9s lors de la marche du 33e mardi \u00e0 Alger. Photo : Rachid L. Six personnes, arr\u00eat\u00e9es hier lors de la marche des \u00e9tudiants \u00e0 Alger, ont \u00e9t\u00e9 plac\u00e9es, aujourd\u2019hui mercredi, sous contr\u00f4le judiciaire par le juge d\u2019instruction pr\u00e8s le tribunal de Bab El Oued. \u00ab\u00a0Les six personnes plac\u00e9es en garde [&hellip;]<\/p>\n","protected":false},"author":1743,"featured_media":63863,"comment_status":"closed","ping_status":"closed","sticky":false,"template":"","format":"standard","meta":{"fifu_image_url":"","fifu_image_alt":"","footnotes":""},"categories":[73,53],"tags":[],"class_list":["post-63862","post","type-post","status-publish","format-standard","has-post-thumbnail","hentry","category-actualite","category-algerie"],"_links":{"self":[{"href":"https:\/\/linitiative.ca\/International\/wp-json\/wp\/v2\/posts\/63862","targetHints":{"allow":["GET"]}}],"collection":[{"href":"https:\/\/linitiative.ca\/International\/wp-json\/wp\/v2\/posts"}],"about":[{"href":"https:\/\/linitiative.ca\/International\/wp-json\/wp\/v2\/types\/post"}],"author":[{"embeddable":true,"href":"https:\/\/linitiative.ca\/International\/wp-json\/wp\/v2\/users\/1743"}],"replies":[{"embeddable":true,"href":"https:\/\/linitiative.ca\/International\/wp-json\/wp\/v2\/comments?post=63862"}],"version-history":[{"count":0,"href":"https:\/\/linitiative.ca\/International\/wp-json\/wp\/v2\/posts\/63862\/revisions"}],"wp:featuredmedia":[{"embeddable":true,"href":"https:\/\/linitiative.ca\/International\/wp-json\/"}],"wp:attachment":[{"href":"https:\/\/linitiative.ca\/International\/wp-json\/wp\/v2\/media?parent=63862"}],"wp:term":[{"taxonomy":"category","embeddable":true,"href":"https:\/\/linitiative.ca\/International\/wp-json\/wp\/v2\/categories?post=63862"},{"taxonomy":"post_tag","embeddable":true,"href":"https:\/\/linitiative.ca\/International\/wp-json\/wp\/v2\/tags?post=63862"}],"curies":[{"name":"wp","href":"https:\/\/api.w.org\/{rel}","templated":true}]}}