{"id":63867,"date":"2019-10-09T10:36:00","date_gmt":"2019-10-09T14:36:00","guid":{"rendered":"https:\/\/linitiative.ca\/International\/mohamed-salah-ben-ammar-vox-populi-vox-dei\/"},"modified":"2019-10-09T10:36:00","modified_gmt":"2019-10-09T14:36:00","slug":"mohamed-salah-ben-ammar-vox-populi-vox-dei","status":"publish","type":"post","link":"https:\/\/linitiative.ca\/International\/mohamed-salah-ben-ammar-vox-populi-vox-dei\/","title":{"rendered":"Mohamed Salah Ben Ammar : Vox Populi Vox Dei?"},"content":{"rendered":"<p>Des ann\u00e9es durant je cherchais avec avidit\u00e9 dans les journaux et revues nationales ou internationales le moindre petit entrefilet ou d\u00e9p\u00eache concernant la Tunisie. Je parcourais des kilom\u00e8tres pour trouver un num\u00e9ro du journal le Monde. Aujourd\u2019hui je r\u00e9alise qu\u2019involontairement mes yeux \u00e9vitent de capter la partie o\u00f9 je risque de trouver des articles et autres analyses sur la situation actuelle du pays et quand par hasard j\u2019en trouve un, je le lis en diagonale. Que s\u2019est-il pass\u00e9 ces derni\u00e8res ann\u00e9es pour que progressivement je n\u2019essaye m\u00eame plus de comprendre ce qui nous arrive ? Peut-\u00eatre la libert\u00e9 de parole retrouv\u00e9e, l\u2019abondance de la mati\u00e8re? Pas seulement, \u00e0 mon avis.<\/p>\n<p>En r\u00e9alit\u00e9 malgr\u00e9 des efforts sinc\u00e8res, je n\u2019ai pas encore lue une analyse convaincante qui pourrait m\u2019\u00e9clairer sur ce que nous vivons actuellement. Certes il y a des bribes de v\u00e9rit\u00e9s dans certains papiers, le bilan de la dictature, le reliquat des ann\u00e9es de plomb, les injustices sociales accumul\u00e9es, l\u2019apprentissage de la libert\u00e9, l\u2019\u00e9quilibre non trouv\u00e9 entre les pouvoirs ou plut\u00f4t le d\u00e9s\u00e9quilibre entre les pouvoirs instaur\u00e9 par la constitution, ou plus conjoncturel l\u2019alliance controvers\u00e9e entre les \u00ab deux lignes parall\u00e8les \u00bb qui ont fini par donner l\u2019illusion de se croiser, ou plus encore le fiasco de ce gouvernement plus pr\u00e9occup\u00e9 par son propre avenir que par celui de la Tunisie. Rien de tout cela ne peut expliquer les r\u00e9sultats des \u00e9lections pr\u00e9sidentielles ou l\u00e9gislatives. Un vote de rejet sans fil conducteur mais qui expose le pays \u00e0 de grands risques.<\/p>\n<p>Certes durant les cinq derni\u00e8res ann\u00e9es la classe politique a donn\u00e9 d\u2019elle une pi\u00e8tre image. Elle s\u2019est d\u00e9cr\u00e9dibilis\u00e9e, discr\u00e9dit\u00e9e et pour longtemps aupr\u00e8s de l\u2019opinion publique mais de l\u00e0 \u00e0 aller voter pour des populistes avec des programmes totalement irr\u00e9alistes, farfelus, haineux, x\u00e9nophobes, r\u00e9gionalistes\u2026c\u2019est violent.<\/p>\n<p>Le mal est fait, nous sommes tous perdants et en premier lieu ceux qui ont voulu jouer \u00e0 un Monopoly politique, malheureusement \u00e0 les voir p\u00e9rorer encore je crois qu\u2019ils ne r\u00e9alisent pas \u00e0 quel point ils ont mis le pays dans de sales draps. Ils sont responsables de la col\u00e8re qui s\u2019est traduite par un taux d\u2019abstention record, un d\u00e9sengagement des jeunes et des femmes, une r\u00e9volte des r\u00e9gions, des ch\u00f4meurs, des enseignants, des fonctionnaires, des retrait\u00e9s, de tous.<\/p>\n<p>Aux pr\u00e9sidentielles, nous aurons au deuxi\u00e8me tour deux candidats atypiques. L\u2019un d\u2019eux est en d\u00e9tention pr\u00e9ventive pour des raisons obscures dans tous les sens du terme, l\u2019autre, un conservateur atypique qui n\u2019a pas de parti, pas de programme, n\u2019a jamais fait de politique, plus grave cette tendance a \u00e9t\u00e9 logiquement confirm\u00e9e par les l\u00e9gislatives.<\/p>\n<p>Nous avons touch\u00e9 du doigt le mal dimanche soir 6 octobre. Les r\u00e9sultats du vote nous ont sid\u00e9r\u00e9s. Mes ami(e)s me disent, je ne dors plus la nuit, je me sens \u00e9tranger(e) dans mon pays, je suis inquiet(e). De fait les profils de certains \u00e9lus au pass\u00e9 trouble a de quoi inqui\u00e9ter. Rappelons qu\u2019une fois \u00e9lu un d\u00e9put\u00e9 devient notre repr\u00e9sentant \u00e0 tous et pas seulement de sa r\u00e9gion ou de son parti. Aussi, peut-\u00eatre avons-nous r\u00e9alis\u00e9 que de toute \u00e9vidence que la prochaine ARP n\u2019a aucune chance de conduire les r\u00e9formes n\u00e9cessaires ?\u00a0 Un exemple, quelle cour constitutionnelle pouvons-nous esp\u00e9rer aujourd\u2019hui ?<br \/>Ici se pose la question du mode de scrutin, du financement de la campagne \u00e9lectorale, des modalit\u00e9s de d\u00e9roulement de la campagne. Un autre exemple de dysfonctionnement, plusieurs candidats \u00e0 la pr\u00e9sidentielle, l\u2019\u00e9taient aussi pour les l\u00e9gislatives ? Ils ont donc commenc\u00e9 la campagne \u00e9lectorale des semaines bien avant les autres, est-ce \u00e9quitable ? Ici encore, il y a peu de chance de voir les dysfonctionnements constat\u00e9s corrig\u00e9s par la nouvelle assembl\u00e9e.<\/p>\n<p>Nos concitoyens r\u00e9aliseront d\u2019eux-m\u00eames que les discours qu\u2019on leur a vendus sont d\u00e9magogiques, p\u00e8le m\u00eale, je dis que la charit\u00e9 ne r\u00e9glera pas le drame de la pauvret\u00e9, la production de p\u00e9trole ou de sel n\u2019est pas la solution, revenir de fa\u00e7on mortif\u00e8re sur le pass\u00e9 ne r\u00e9duira pas le ch\u00f4mage, les libert\u00e9s individuelles avanceront qu\u2019ils le veuillent ou non, le mod\u00e8le de soci\u00e9t\u00e9 qu\u2019ils proposent est hypocrite et irr\u00e9aliste, la libert\u00e9 de la femme ne se discute pas\u2026ils finiront par comprendre que le mod\u00e8le de soci\u00e9t\u00e9 ne s\u2019impose pas, il se vit.<br \/>Il y a un temps pour tout. Nous n\u2019avons pas le choix, il faut respecter les r\u00e9sultats des urnes, mais le temps de la sid\u00e9ration pass\u00e9, il faudra corriger le tir, \u00e9couter la col\u00e8re et rapidement se remobiliser pour y r\u00e9pondre et que le discours de la raison redevienne audible pour nos concitoyens. Ne perdons pas espoir et rappelons-nous que l\u2019histoire a plus d\u2019imagination que les hommes.<\/p>\n<p class=\"c2\"><strong>Dr Mohamed Salah Ben Ammar<\/strong><\/p>\n<p>Auteur:<br \/>\n<a href=\"https:\/\/www.leaders.com.tn\/article\/28165-mohamed-salah-ben-ammar-vox-populi-vox-dei\">Cliquez ici pour lire l&rsquo;article depuis sa source.<\/a><\/p>\n","protected":false},"excerpt":{"rendered":"<p>Des ann\u00e9es durant je cherchais avec avidit\u00e9 dans les journaux et revues nationales ou internationales le moindre petit entrefilet ou d\u00e9p\u00eache concernant la Tunisie. Je parcourais des kilom\u00e8tres pour trouver un num\u00e9ro du journal le Monde. Aujourd\u2019hui je r\u00e9alise qu\u2019involontairement mes yeux \u00e9vitent de capter la partie o\u00f9 je risque de trouver des articles et [&hellip;]<\/p>\n","protected":false},"author":1772,"featured_media":0,"comment_status":"closed","ping_status":"closed","sticky":false,"template":"","format":"standard","meta":{"fifu_image_url":"","fifu_image_alt":"","footnotes":""},"categories":[73,55],"tags":[],"class_list":["post-63867","post","type-post","status-publish","format-standard","hentry","category-actualite","category-tunisie"],"_links":{"self":[{"href":"https:\/\/linitiative.ca\/International\/wp-json\/wp\/v2\/posts\/63867","targetHints":{"allow":["GET"]}}],"collection":[{"href":"https:\/\/linitiative.ca\/International\/wp-json\/wp\/v2\/posts"}],"about":[{"href":"https:\/\/linitiative.ca\/International\/wp-json\/wp\/v2\/types\/post"}],"author":[{"embeddable":true,"href":"https:\/\/linitiative.ca\/International\/wp-json\/wp\/v2\/users\/1772"}],"replies":[{"embeddable":true,"href":"https:\/\/linitiative.ca\/International\/wp-json\/wp\/v2\/comments?post=63867"}],"version-history":[{"count":0,"href":"https:\/\/linitiative.ca\/International\/wp-json\/wp\/v2\/posts\/63867\/revisions"}],"wp:attachment":[{"href":"https:\/\/linitiative.ca\/International\/wp-json\/wp\/v2\/media?parent=63867"}],"wp:term":[{"taxonomy":"category","embeddable":true,"href":"https:\/\/linitiative.ca\/International\/wp-json\/wp\/v2\/categories?post=63867"},{"taxonomy":"post_tag","embeddable":true,"href":"https:\/\/linitiative.ca\/International\/wp-json\/wp\/v2\/tags?post=63867"}],"curies":[{"name":"wp","href":"https:\/\/api.w.org\/{rel}","templated":true}]}}