{"id":63868,"date":"2019-10-09T10:44:00","date_gmt":"2019-10-09T14:44:00","guid":{"rendered":"https:\/\/linitiative.ca\/International\/prix-credif-pour-la-meilleure-realisatrice-cinematographique\/"},"modified":"2019-10-09T10:44:00","modified_gmt":"2019-10-09T14:44:00","slug":"prix-credif-pour-la-meilleure-realisatrice-cinematographique","status":"publish","type":"post","link":"https:\/\/linitiative.ca\/International\/prix-credif-pour-la-meilleure-realisatrice-cinematographique\/","title":{"rendered":"Prix CREDIF pour la meilleure r\u00e9alisatrice cin\u00e9matographique"},"content":{"rendered":"<p>A l\u2019occasion de la 3\u00e8me Edition du Festival International de Films de Femmes \u00abRegards de Femmes\u00bb qui se d\u00e9roulera du 11 au 15 octobre 2019 au Centre Culturel International du Hammamet, le Centre de Recherches, d\u2019Etudes, de Documentation et d\u2019Information sur la Femme (CREDIF), annonce le lancement du \u00ab Prix CREDIF pour la meilleure r\u00e9alisatrice \u00bb.<\/p>\n<p>Le CREDIF organisera \u00e9galement dans la cadre de la r\u00e9sidence artistique de l\u2019\u00e9criture cin\u00e9matographique, deux ateliers de formation autour du th\u00e8me \u00abl\u2019image\u00a0 comme outil de changement et de plaidoyer en faveur des droits des femmes \u00bbet ce , le 12 et le 13 octobre 2019 \u00e0 Hammamet.<br \/>Ce partenariat entre le CREDIF, le Festival International de Films de Femmes \u00ab Regards de Femmes \u00bb, le Centre Culturel International du Hammamet et des m\u00e9dias radiophoniques et \u00e9crits, sera mis en valeur par la signature de conventions qui aura lieu le mercredi 09 octobre 2019 \u00e0 13h00 au si\u00e8ge du CREDIF.<\/p>\n<p>Auteur:<br \/>\n<a href=\"https:\/\/www.leaders.com.tn\/article\/28166-prix-credif-pour-la-meilleure-realisatrice-cinematographique\">Cliquez ici pour lire l&rsquo;article depuis sa source.<\/a><\/p>\n","protected":false},"excerpt":{"rendered":"<p>A l\u2019occasion de la 3\u00e8me Edition du Festival International de Films de Femmes \u00abRegards de Femmes\u00bb qui se d\u00e9roulera du 11 au 15 octobre 2019 au Centre Culturel International du Hammamet, le Centre de Recherches, d\u2019Etudes, de Documentation et d\u2019Information sur la Femme (CREDIF), annonce le lancement du \u00ab Prix CREDIF pour la meilleure r\u00e9alisatrice [&hellip;]<\/p>\n","protected":false},"author":1772,"featured_media":0,"comment_status":"closed","ping_status":"closed","sticky":false,"template":"","format":"standard","meta":{"fifu_image_url":"","fifu_image_alt":"","footnotes":""},"categories":[73,55],"tags":[],"class_list":["post-63868","post","type-post","status-publish","format-standard","hentry","category-actualite","category-tunisie"],"_links":{"self":[{"href":"https:\/\/linitiative.ca\/International\/wp-json\/wp\/v2\/posts\/63868","targetHints":{"allow":["GET"]}}],"collection":[{"href":"https:\/\/linitiative.ca\/International\/wp-json\/wp\/v2\/posts"}],"about":[{"href":"https:\/\/linitiative.ca\/International\/wp-json\/wp\/v2\/types\/post"}],"author":[{"embeddable":true,"href":"https:\/\/linitiative.ca\/International\/wp-json\/wp\/v2\/users\/1772"}],"replies":[{"embeddable":true,"href":"https:\/\/linitiative.ca\/International\/wp-json\/wp\/v2\/comments?post=63868"}],"version-history":[{"count":0,"href":"https:\/\/linitiative.ca\/International\/wp-json\/wp\/v2\/posts\/63868\/revisions"}],"wp:attachment":[{"href":"https:\/\/linitiative.ca\/International\/wp-json\/wp\/v2\/media?parent=63868"}],"wp:term":[{"taxonomy":"category","embeddable":true,"href":"https:\/\/linitiative.ca\/International\/wp-json\/wp\/v2\/categories?post=63868"},{"taxonomy":"post_tag","embeddable":true,"href":"https:\/\/linitiative.ca\/International\/wp-json\/wp\/v2\/tags?post=63868"}],"curies":[{"name":"wp","href":"https:\/\/api.w.org\/{rel}","templated":true}]}}