{"id":63869,"date":"2019-10-09T13:03:00","date_gmt":"2019-10-09T17:03:00","guid":{"rendered":"https:\/\/linitiative.ca\/International\/nabil-karoui-libere\/"},"modified":"2019-10-09T13:03:00","modified_gmt":"2019-10-09T17:03:00","slug":"nabil-karoui-libere","status":"publish","type":"post","link":"https:\/\/linitiative.ca\/International\/nabil-karoui-libere\/","title":{"rendered":"Nabil Karoui lib\u00e9r\u00e9"},"content":{"rendered":"<p>Le candidat au second tour de la Pr\u00e9sidentielle et pr\u00e9sident du deuxi\u00e8me parti du pays, Qalb Toun\u00e8s Nabil Karoui va \u00eatre remis en lib\u00e9rt\u00e9 mercredi apr\u00e8s que la Cour de cassation ait ordonn\u00e9 sa lib\u00e9ration imm\u00e9diate suite au recours pr\u00e9sent\u00e9 par ses avocats. Nabil Karoui \u00e9tait incarc\u00e9r\u00e9 \u00e0 la prison d&rsquo;El Mornaguia depuis le 23 ao\u00fbt dernier en vertu d&rsquo;un mandat de d\u00e9p\u00f4t livr\u00e9 par la Cour d&rsquo;Appel de Tunis suite \u00e0 une suspicion de blanchiment d&rsquo;argent et d&rsquo;\u00e9vasion fiscale.<\/p>\n<p>Cette d\u00e9cision intervient 4 jours avant l&rsquo;\u00e9lection pr\u00e9sidentielle. Le Quartet avait demand\u00e9 son \u00e9largissement mardi lors sa derni\u00e8re r\u00e9union au nom du principe d\u2019\u00e9galit\u00e9 des chances entre les candidats \u00e0 la pr\u00e9sidence. On ignore encore si le d\u00e9bat avec son adversaire dont il a \u00e9t\u00e9 question avant son arrestation va se tenir.<\/p>\n<p>Auteur:<br \/>\n<a href=\"https:\/\/www.leaders.com.tn\/article\/28167-nabil-karoui-libere\">Cliquez ici pour lire l&rsquo;article depuis sa source.<\/a><\/p>\n","protected":false},"excerpt":{"rendered":"<p>Le candidat au second tour de la Pr\u00e9sidentielle et pr\u00e9sident du deuxi\u00e8me parti du pays, Qalb Toun\u00e8s Nabil Karoui va \u00eatre remis en lib\u00e9rt\u00e9 mercredi apr\u00e8s que la Cour de cassation ait ordonn\u00e9 sa lib\u00e9ration imm\u00e9diate suite au recours pr\u00e9sent\u00e9 par ses avocats. Nabil Karoui \u00e9tait incarc\u00e9r\u00e9 \u00e0 la prison d&rsquo;El Mornaguia depuis le 23 [&hellip;]<\/p>\n","protected":false},"author":1772,"featured_media":0,"comment_status":"closed","ping_status":"closed","sticky":false,"template":"","format":"standard","meta":{"fifu_image_url":"","fifu_image_alt":"","footnotes":""},"categories":[73,55],"tags":[],"class_list":["post-63869","post","type-post","status-publish","format-standard","hentry","category-actualite","category-tunisie"],"_links":{"self":[{"href":"https:\/\/linitiative.ca\/International\/wp-json\/wp\/v2\/posts\/63869","targetHints":{"allow":["GET"]}}],"collection":[{"href":"https:\/\/linitiative.ca\/International\/wp-json\/wp\/v2\/posts"}],"about":[{"href":"https:\/\/linitiative.ca\/International\/wp-json\/wp\/v2\/types\/post"}],"author":[{"embeddable":true,"href":"https:\/\/linitiative.ca\/International\/wp-json\/wp\/v2\/users\/1772"}],"replies":[{"embeddable":true,"href":"https:\/\/linitiative.ca\/International\/wp-json\/wp\/v2\/comments?post=63869"}],"version-history":[{"count":0,"href":"https:\/\/linitiative.ca\/International\/wp-json\/wp\/v2\/posts\/63869\/revisions"}],"wp:attachment":[{"href":"https:\/\/linitiative.ca\/International\/wp-json\/wp\/v2\/media?parent=63869"}],"wp:term":[{"taxonomy":"category","embeddable":true,"href":"https:\/\/linitiative.ca\/International\/wp-json\/wp\/v2\/categories?post=63869"},{"taxonomy":"post_tag","embeddable":true,"href":"https:\/\/linitiative.ca\/International\/wp-json\/wp\/v2\/tags?post=63869"}],"curies":[{"name":"wp","href":"https:\/\/api.w.org\/{rel}","templated":true}]}}