{"id":63877,"date":"2019-10-09T09:00:51","date_gmt":"2019-10-09T13:00:51","guid":{"rendered":"https:\/\/linitiative.ca\/International\/la-banque-mondiale-alloue-500-millions-de-dollars-au-maroc\/"},"modified":"2019-10-09T09:00:51","modified_gmt":"2019-10-09T13:00:51","slug":"la-banque-mondiale-alloue-500-millions-de-dollars-au-maroc","status":"publish","type":"post","link":"https:\/\/linitiative.ca\/International\/la-banque-mondiale-alloue-500-millions-de-dollars-au-maroc\/","title":{"rendered":"La Banque mondiale alloue 500 millions de dollars au Maroc"},"content":{"rendered":"<p><strong>La Banque mondiale (BM) va allouer une enveloppe de 500 millions de dollars pour le financement d\u2019un programme d\u2019appui au secteur de l\u2019\u00e9ducation au Maroc, qui sera lanc\u00e9 officiellement le 10 octobre.<\/strong><\/p>\n<div class=\"c10\"\/>\n<p>Le programme vient en soutient \u00e0 l\u2019objectif d\u2019am\u00e9liorer les r\u00e9sultats de l\u2019<strong>\u00e9ducation pour tous<\/strong>. Il b\u00e9n\u00e9ficiera d\u2019un financement de l\u2019institution financi\u00e8re internationale de 500 millions de dollars sous la forme d\u2019un pr\u00eat-programme pour les r\u00e9sultats, en vertu duquel le d\u00e9caissement des fonds est conditionn\u00e9 \u00e0 l\u2019atteinte de r\u00e9sultats cl\u00e9s.<\/p>\n<p>Cette op\u00e9ration s\u2019inscrit dans la continuit\u00e9 de la vision strat\u00e9gique du gouvernement et vise \u00e0 favoriser un changement d\u2019approche au profit de principes de gouvernance ax\u00e9s sur les <strong>r\u00e9sultats<\/strong> et non plus sur les ressources, dans le but d\u2019am\u00e9liorer l\u2019apprentissage en classe.<\/p>\n<p>Elle s\u2019articule autour de trois composantes d\u00e9finies en fonction des principaux freins aux progr\u00e8s du secteur, \u00e0 savoir l\u2019installation des conditions propices \u00e0 une <strong>\u00e9ducation \u00ab\u00a0pr\u00e9primaire\u00a0\u00bb de qualit\u00e9<\/strong>, l\u2019am\u00e9lioration de la formation des enseignants et le renforcement des capacit\u00e9s de gestion et la responsabilit\u00e9 au sein du secteur.<\/p>\n<p>Le programme sera mis en \u0153uvre par le minist\u00e8re de l\u2019Education nationale, les acad\u00e9mies r\u00e9gionales de l\u2019\u00e9ducation et de la formation (AREF), les directions provinciales et les \u00e9tablissements scolaires. A l\u2019issue de cinq ans d\u2019accompagnement, le renforcement de la performance et de la responsabilit\u00e9 sera au c\u0153ur des missions de la coordination institutionnelle entre les diff\u00e9rents \u00e9chelons administratifs en charge de l\u2019\u00e9ducation, qui pourront travailler avec des directeurs d\u2019\u00e9tablissements dont les capacit\u00e9s d\u2019initiative et de gestion auront \u00e9t\u00e9 renforc\u00e9es.<\/p>\n<div class=\"c17\">\n<fieldset class=\"c16\">\n<legend><strong><span class=\"c11\">Challenge<\/span><span class=\"c12\">news<\/span><\/strong><\/legend>\n<div class=\"c15\">Le meilleur de la r\u00e9daction s\u00e9lectionn\u00e9 par Challenge :<\/p>\n<\/div>\n<\/fieldset>\n<\/div>\n<p>Auteur: challenge<br \/>\n<a href=\"https:\/\/www.challenge.ma\/la-banque-mondiale-alloue-500-millions-de-dollars-au-maroc-119512\/\">Cliquez ici pour lire l&rsquo;article depuis sa source.<\/a><\/p>\n","protected":false},"excerpt":{"rendered":"<p>La Banque mondiale (BM) va allouer une enveloppe de 500 millions de dollars pour le financement d\u2019un programme d\u2019appui au secteur de l\u2019\u00e9ducation au Maroc, qui sera lanc\u00e9 officiellement le 10 octobre. Le programme vient en soutient \u00e0 l\u2019objectif d\u2019am\u00e9liorer les r\u00e9sultats de l\u2019\u00e9ducation pour tous. Il b\u00e9n\u00e9ficiera d\u2019un financement de l\u2019institution financi\u00e8re internationale de [&hellip;]<\/p>\n","protected":false},"author":1787,"featured_media":0,"comment_status":"closed","ping_status":"closed","sticky":false,"template":"","format":"standard","meta":{"fifu_image_url":"","fifu_image_alt":"","footnotes":""},"categories":[78,54],"tags":[],"class_list":["post-63877","post","type-post","status-publish","format-standard","hentry","category-economie","category-maroc"],"_links":{"self":[{"href":"https:\/\/linitiative.ca\/International\/wp-json\/wp\/v2\/posts\/63877","targetHints":{"allow":["GET"]}}],"collection":[{"href":"https:\/\/linitiative.ca\/International\/wp-json\/wp\/v2\/posts"}],"about":[{"href":"https:\/\/linitiative.ca\/International\/wp-json\/wp\/v2\/types\/post"}],"author":[{"embeddable":true,"href":"https:\/\/linitiative.ca\/International\/wp-json\/wp\/v2\/users\/1787"}],"replies":[{"embeddable":true,"href":"https:\/\/linitiative.ca\/International\/wp-json\/wp\/v2\/comments?post=63877"}],"version-history":[{"count":0,"href":"https:\/\/linitiative.ca\/International\/wp-json\/wp\/v2\/posts\/63877\/revisions"}],"wp:attachment":[{"href":"https:\/\/linitiative.ca\/International\/wp-json\/wp\/v2\/media?parent=63877"}],"wp:term":[{"taxonomy":"category","embeddable":true,"href":"https:\/\/linitiative.ca\/International\/wp-json\/wp\/v2\/categories?post=63877"},{"taxonomy":"post_tag","embeddable":true,"href":"https:\/\/linitiative.ca\/International\/wp-json\/wp\/v2\/tags?post=63877"}],"curies":[{"name":"wp","href":"https:\/\/api.w.org\/{rel}","templated":true}]}}