{"id":63878,"date":"2019-10-09T13:28:40","date_gmt":"2019-10-09T17:28:40","guid":{"rendered":"https:\/\/linitiative.ca\/International\/officiel-la-liste-complete-du-nouveau-gouvernement\/"},"modified":"2019-10-09T13:28:40","modified_gmt":"2019-10-09T17:28:40","slug":"officiel-la-liste-complete-du-nouveau-gouvernement","status":"publish","type":"post","link":"https:\/\/linitiative.ca\/International\/officiel-la-liste-complete-du-nouveau-gouvernement\/","title":{"rendered":"Officiel. La liste compl\u00e8te du nouveau gouvernement"},"content":{"rendered":"<p><strong>SM le roi Mohammed VI, a re\u00e7u \u00e0 la salle du tr\u00f4ne au Palais royal de Rabat, le chef du gouvernement et les membres du gouvernement dans sa nouvelle mouture apr\u00e8s restructuration de l\u2019architecture gouvernementale<\/strong>.<\/p>\n<div class=\"c10\"\/>\n<p>Voici la liste des 23 ministres formant le nouveau gouvernement:<\/p>\n<p>Sa\u00e2d Dine El Otmani: Chef du gouvernement<\/p>\n<p>Mustapha Ramid: Ministre d\u2019Etat en charge des droits de l\u2019homme, de la soci\u00e9t\u00e9 civile et des relations avec le Parlement<\/p>\n<p>Abdelouafi Laftit: Ministre de l\u2019int\u00e9rieur<\/p>\n<p>Ahmed Taoufiq: Ministre des Habous et Affaires islamiques<\/p>\n<p>Nasser Bourita: Ministre des Affaires \u00e9trang\u00e8res et de la coop\u00e9ration internationale<\/p>\n<p>Mohamed Benabdelkader: Ministre de la Justice<\/p>\n<p>Mohamed Hajoui: Secr\u00e9taire g\u00e9n\u00e9ral du Gouvernement<\/p>\n<p>Mohamed Bencha\u00e2boun: Ministre de l\u2019Economie et Finances<\/p>\n<p>Aziz Akhanouch: Ministre de l\u2019Agriculture et de la p\u00eache maritime<\/p>\n<p>Khaled Ait Taleb: Ministre de la Sant\u00e9<\/p>\n<p>Moulay Hafid Elalamy: Ministre de l\u2019Industrie, l\u2019investissement et de l\u2019\u00e9conomie num\u00e9rique<\/p>\n<p>Nezha Bouchareb: Ministre de l\u2019Habitat<\/p>\n<p>Nadia Fettah Alaoui: Ministre du Tourisme<\/p>\n<p>Aziz Rebbah: Ministre de l\u2019Energie et des mines<\/p>\n<p>Mohamed Amekraz: Ministre de l\u2019emploi<\/p>\n<p>Hassan Abiaba: ministre de la Jeunesse, des Sports et de la Culture<\/p>\n<p>Jamila Chapel: Ministre de la famille, de la solidarit\u00e9 et des femmes<\/p>\n<p>Abdellatif Loudiyi: ministre d\u00e9l\u00e9gu\u00e9 \u00e0 la D\u00e9fense nationale<\/p>\n<p>Noureddine Boutayeb Ministre D\u00e9l\u00e9gu\u00e9 \u00e0 l\u2019Int\u00e9rieur<\/p>\n<p>Mohsen Al-Jazouli, ministre d\u00e9l\u00e9gu\u00e9 aux Affaires \u00e9trang\u00e8res<\/p>\n<p>Nouzha El Wafi, ministre d\u00e9l\u00e9gu\u00e9e aupr\u00e8s du ministre des Affaires \u00e9trang\u00e8res charg\u00e9e des MRE \u00e0 l\u2019\u00e9tranger et des affaires d\u2019immigration<\/p>\n<p>Driss Aouicha, ministre d\u00e9l\u00e9gu\u00e9 \u00e0 l\u2019enseignement sup\u00e9rieur.<\/p>\n<div class=\"c17\">\n<fieldset class=\"c16\">\n<legend><strong><span class=\"c11\">Challenge<\/span><span class=\"c12\">news<\/span><\/strong><\/legend>\n<div class=\"c15\">Le meilleur de la r\u00e9daction s\u00e9lectionn\u00e9 par Challenge :<\/p>\n<\/div>\n<\/fieldset>\n<\/div>\n<p>Auteur: Hassan Manyani<br \/>\n<a href=\"https:\/\/www.challenge.ma\/officiel-voici-la-liste-complete-du-nouveau-gouvernement-119543\/\">Cliquez ici pour lire l&rsquo;article depuis sa source.<\/a><\/p>\n","protected":false},"excerpt":{"rendered":"<p>SM le roi Mohammed VI, a re\u00e7u \u00e0 la salle du tr\u00f4ne au Palais royal de Rabat, le chef du gouvernement et les membres du gouvernement dans sa nouvelle mouture apr\u00e8s restructuration de l\u2019architecture gouvernementale. Voici la liste des 23 ministres formant le nouveau gouvernement: Sa\u00e2d Dine El Otmani: Chef du gouvernement Mustapha Ramid: Ministre [&hellip;]<\/p>\n","protected":false},"author":1787,"featured_media":0,"comment_status":"closed","ping_status":"closed","sticky":false,"template":"","format":"standard","meta":{"fifu_image_url":"","fifu_image_alt":"","footnotes":""},"categories":[78,54],"tags":[],"class_list":["post-63878","post","type-post","status-publish","format-standard","hentry","category-economie","category-maroc"],"_links":{"self":[{"href":"https:\/\/linitiative.ca\/International\/wp-json\/wp\/v2\/posts\/63878","targetHints":{"allow":["GET"]}}],"collection":[{"href":"https:\/\/linitiative.ca\/International\/wp-json\/wp\/v2\/posts"}],"about":[{"href":"https:\/\/linitiative.ca\/International\/wp-json\/wp\/v2\/types\/post"}],"author":[{"embeddable":true,"href":"https:\/\/linitiative.ca\/International\/wp-json\/wp\/v2\/users\/1787"}],"replies":[{"embeddable":true,"href":"https:\/\/linitiative.ca\/International\/wp-json\/wp\/v2\/comments?post=63878"}],"version-history":[{"count":0,"href":"https:\/\/linitiative.ca\/International\/wp-json\/wp\/v2\/posts\/63878\/revisions"}],"wp:attachment":[{"href":"https:\/\/linitiative.ca\/International\/wp-json\/wp\/v2\/media?parent=63878"}],"wp:term":[{"taxonomy":"category","embeddable":true,"href":"https:\/\/linitiative.ca\/International\/wp-json\/wp\/v2\/categories?post=63878"},{"taxonomy":"post_tag","embeddable":true,"href":"https:\/\/linitiative.ca\/International\/wp-json\/wp\/v2\/tags?post=63878"}],"curies":[{"name":"wp","href":"https:\/\/api.w.org\/{rel}","templated":true}]}}