{"id":63879,"date":"2019-10-09T13:31:12","date_gmt":"2019-10-09T17:31:12","guid":{"rendered":"https:\/\/linitiative.ca\/International\/officiel-gouvernement-les-nouveaux-entrants\/"},"modified":"2019-10-09T13:31:12","modified_gmt":"2019-10-09T17:31:12","slug":"officiel-gouvernement-les-nouveaux-entrants","status":"publish","type":"post","link":"https:\/\/linitiative.ca\/International\/officiel-gouvernement-les-nouveaux-entrants\/","title":{"rendered":"Officiel. Gouvernement : les nouveaux entrants"},"content":{"rendered":"<p><strong>Apr\u00e8s une longue attente, la liste du nouveau gouvernement est enfin connue.<\/strong><\/p>\n<div class=\"c10\"\/>\n<p>Voici par ailleurs les noms qui font leur premi\u00e8re entr\u00e9e au gouvernement:<\/p>\n<p>Nezha Bouchareb, Ministre de l\u2019Am\u00e9nagement du Territoire, de l\u2019Urbanisation, de l\u2019Habitat et de la Politique de la ville. Elle occupait le poste de coordinatrice du Comit\u00e9 de l\u2019information et de la communication au sein du Mouvement populaire.<\/p>\n<p><img decoding=\"async\" src=\"https:\/\/www.challenge.ma\/wp-content\/uploads\/2019\/10\/nouzha_bouchareb-e1570642983887.jpeg\" alt=\"\" class=\"wp-image-119557\" srcset=\"https:\/\/www.challenge.ma\/wp-content\/uploads\/2019\/10\/nouzha_bouchareb-e1570642983887.jpeg 298w, https:\/\/www.challenge.ma\/wp-content\/uploads\/2019\/10\/nouzha_bouchareb-e1570642983887-60x60.jpeg 60w\" sizes=\"(max-width: 298px) 100vw, 298px\"\/><\/p>\n<p>Nadia Fettah El Alaoui, Ministre du Tourisme, de l\u2019Artisanat, du Transport A\u00e9rien et de l\u2019\u00c9conomie Sociale. Elle assurait jusque-l\u00e0 les fonctions de Directrice G\u00e9n\u00e9rale de SAHAM Finances.<\/p>\n<p><img loading=\"lazy\" decoding=\"async\" src=\"https:\/\/www.challenge.ma\/wp-content\/uploads\/2019\/10\/download.jpg\" alt=\"\" class=\"wp-image-119555\" width=\"300\" height=\"300\" srcset=\"https:\/\/www.challenge.ma\/wp-content\/uploads\/2019\/10\/download.jpg 225w, https:\/\/www.challenge.ma\/wp-content\/uploads\/2019\/10\/download-150x150.jpg 150w, https:\/\/www.challenge.ma\/wp-content\/uploads\/2019\/10\/download-60x60.jpg 60w, https:\/\/www.challenge.ma\/wp-content\/uploads\/2019\/10\/download-200x200.jpg 200w\" sizes=\"auto, (max-width: 300px) 100vw, 300px\"\/><\/p>\n<p>Mhamed Amekraz, Ministre du Travail et de l\u2019Insertion Professionnelle. Avocat, il est aussi le pr\u00e9sident de la jeunesse du PJD.<\/p>\n<p><img decoding=\"async\" src=\"https:\/\/www.challenge.ma\/wp-content\/uploads\/2019\/10\/1570624921amekrazzz_ZbzCb9Q.image_corps_article-e1570643287791.jpg\" alt=\"\" class=\"wp-image-119559\" srcset=\"https:\/\/www.challenge.ma\/wp-content\/uploads\/2019\/10\/1570624921amekrazzz_ZbzCb9Q.image_corps_article-e1570643287791.jpg 327w, https:\/\/www.challenge.ma\/wp-content\/uploads\/2019\/10\/1570624921amekrazzz_ZbzCb9Q.image_corps_article-e1570643287791-287x300.jpg 287w\" sizes=\"(max-width: 327px) 100vw, 327px\"\/><\/p>\n<p>Hassan Abyaba, Ministre de la Culture, de la Jeunesse et du sport, porte parole du gouvernement. Abyaba est le porte-parole de l\u2019Union constitutionelle (UC).<\/p>\n<p><img decoding=\"async\" src=\"https:\/\/www.challenge.ma\/wp-content\/uploads\/2019\/10\/DbIT8hlXUAAPP_p.jpg\" alt=\"\" class=\"wp-image-119566\" srcset=\"https:\/\/www.challenge.ma\/wp-content\/uploads\/2019\/10\/DbIT8hlXUAAPP_p.jpg 506w, https:\/\/www.challenge.ma\/wp-content\/uploads\/2019\/10\/DbIT8hlXUAAPP_p-300x173.jpg 300w, https:\/\/www.challenge.ma\/wp-content\/uploads\/2019\/10\/DbIT8hlXUAAPP_p-360x207.jpg 360w\" sizes=\"(max-width: 506px) 100vw, 506px\"\/><\/p>\n<p>Driss Ouaouicha, Ministre d\u00e9l\u00e9gu\u00e9 aupr\u00e8s du Ministre de l\u2019\u00c9ducation Nationale, de la Formation Professionnel et de l\u2019Enseignement sup\u00e9rieur charg\u00e9 de l\u2019Enseignement sup\u00e9rieur et de la Recherche scientifique. Il \u00e9tait \u00a0pr\u00e9sident de l\u2019Universit\u00e9 Al Akhawayne.<\/p>\n<p><img decoding=\"async\" src=\"https:\/\/www.challenge.ma\/wp-content\/uploads\/2019\/10\/driss-ouaouicha-president-de-l-universite-al-akhawayn-dr.jpg\" alt=\"\" class=\"wp-image-119567\" srcset=\"https:\/\/www.challenge.ma\/wp-content\/uploads\/2019\/10\/driss-ouaouicha-president-de-l-universite-al-akhawayn-dr.jpg 640w, https:\/\/www.challenge.ma\/wp-content\/uploads\/2019\/10\/driss-ouaouicha-president-de-l-universite-al-akhawayn-dr-300x174.jpg 300w, https:\/\/www.challenge.ma\/wp-content\/uploads\/2019\/10\/driss-ouaouicha-president-de-l-universite-al-akhawayn-dr-360x209.jpg 360w\" sizes=\"(max-width: 640px) 100vw, 640px\"\/><\/p>\n<p>Khalid Ait Taleb, Ministre\u00a0de la Sant\u00e9. Il \u00e9tait jusque-l\u00e0 Directeur du Centre hospitalier universitaire Hassan II F\u00e8s depuis 2004 et membre du Comit\u00e9 d\u2019experts au minist\u00e8re de la Sant\u00e9.<\/p>\n<p><img decoding=\"async\" src=\"https:\/\/www.challenge.ma\/wp-content\/uploads\/2019\/10\/Dr-Ait-Taleb-Khalid-e1570644323144-782x1024.jpg\" alt=\"\" class=\"wp-image-119568\" srcset=\"https:\/\/www.challenge.ma\/wp-content\/uploads\/2019\/10\/Dr-Ait-Taleb-Khalid-e1570644323144-782x1024.jpg 782w, https:\/\/www.challenge.ma\/wp-content\/uploads\/2019\/10\/Dr-Ait-Taleb-Khalid-e1570644323144-229x300.jpg 229w, https:\/\/www.challenge.ma\/wp-content\/uploads\/2019\/10\/Dr-Ait-Taleb-Khalid-e1570644323144-768x1006.jpg 768w, https:\/\/www.challenge.ma\/wp-content\/uploads\/2019\/10\/Dr-Ait-Taleb-Khalid-e1570644323144-360x472.jpg 360w, https:\/\/www.challenge.ma\/wp-content\/uploads\/2019\/10\/Dr-Ait-Taleb-Khalid-e1570644323144-750x982.jpg 750w, https:\/\/www.challenge.ma\/wp-content\/uploads\/2019\/10\/Dr-Ait-Taleb-Khalid-e1570644323144.jpg 1323w\" sizes=\"(max-width: 782px) 100vw, 782px\"\/><\/p>\n<div class=\"c17\">\n<fieldset class=\"c16\">\n<legend><strong><span class=\"c11\">Challenge<\/span><span class=\"c12\">news<\/span><\/strong><\/legend>\n<div class=\"c15\">Le meilleur de la r\u00e9daction s\u00e9lectionn\u00e9 par Challenge :<\/p>\n<\/div>\n<\/fieldset>\n<\/div>\n<p>Auteur: Hassan Manyani<br \/>\n<a href=\"https:\/\/www.challenge.ma\/officiel-remaniement-voici-la-liste-des-nouveaux-entrants-119534\/\">Cliquez ici pour lire l&rsquo;article depuis sa source.<\/a><\/p>\n","protected":false},"excerpt":{"rendered":"<p>Apr\u00e8s une longue attente, la liste du nouveau gouvernement est enfin connue. Voici par ailleurs les noms qui font leur premi\u00e8re entr\u00e9e au gouvernement: Nezha Bouchareb, Ministre de l\u2019Am\u00e9nagement du Territoire, de l\u2019Urbanisation, de l\u2019Habitat et de la Politique de la ville. Elle occupait le poste de coordinatrice du Comit\u00e9 de l\u2019information et de la [&hellip;]<\/p>\n","protected":false},"author":1787,"featured_media":63880,"comment_status":"closed","ping_status":"closed","sticky":false,"template":"","format":"standard","meta":{"fifu_image_url":"","fifu_image_alt":"","footnotes":""},"categories":[78,54],"tags":[],"class_list":["post-63879","post","type-post","status-publish","format-standard","has-post-thumbnail","hentry","category-economie","category-maroc"],"_links":{"self":[{"href":"https:\/\/linitiative.ca\/International\/wp-json\/wp\/v2\/posts\/63879","targetHints":{"allow":["GET"]}}],"collection":[{"href":"https:\/\/linitiative.ca\/International\/wp-json\/wp\/v2\/posts"}],"about":[{"href":"https:\/\/linitiative.ca\/International\/wp-json\/wp\/v2\/types\/post"}],"author":[{"embeddable":true,"href":"https:\/\/linitiative.ca\/International\/wp-json\/wp\/v2\/users\/1787"}],"replies":[{"embeddable":true,"href":"https:\/\/linitiative.ca\/International\/wp-json\/wp\/v2\/comments?post=63879"}],"version-history":[{"count":0,"href":"https:\/\/linitiative.ca\/International\/wp-json\/wp\/v2\/posts\/63879\/revisions"}],"wp:featuredmedia":[{"embeddable":true,"href":"https:\/\/linitiative.ca\/International\/wp-json\/"}],"wp:attachment":[{"href":"https:\/\/linitiative.ca\/International\/wp-json\/wp\/v2\/media?parent=63879"}],"wp:term":[{"taxonomy":"category","embeddable":true,"href":"https:\/\/linitiative.ca\/International\/wp-json\/wp\/v2\/categories?post=63879"},{"taxonomy":"post_tag","embeddable":true,"href":"https:\/\/linitiative.ca\/International\/wp-json\/wp\/v2\/tags?post=63879"}],"curies":[{"name":"wp","href":"https:\/\/api.w.org\/{rel}","templated":true}]}}