{"id":63893,"date":"2019-10-09T05:25:39","date_gmt":"2019-10-09T09:25:39","guid":{"rendered":"https:\/\/linitiative.ca\/International\/fonds-mondial-de-lutte-contre-le-sida-la-tuberculose-et-le-paludisme-le-president-du-faso-a-lyon\/"},"modified":"2019-10-09T05:25:39","modified_gmt":"2019-10-09T09:25:39","slug":"fonds-mondial-de-lutte-contre-le-sida-la-tuberculose-et-le-paludisme-le-president-du-faso-a-lyon","status":"publish","type":"post","link":"https:\/\/linitiative.ca\/International\/fonds-mondial-de-lutte-contre-le-sida-la-tuberculose-et-le-paludisme-le-president-du-faso-a-lyon\/","title":{"rendered":"Fonds mondial de lutte contre le Sida, la Tuberculose et le Paludisme : le pr\u00e9sident du Faso \u00e0 Lyon."},"content":{"rendered":"<div class=\"td-post-featured-image\"><a href=\"https:\/\/i2.wp.com\/www.sidwaya.info\/wp-content\/uploads\/2019\/10\/presilyon-1.jpg?fit=720%2C480&#038;ssl=1\" data-caption=\"\"><img loading=\"lazy\" decoding=\"async\" width=\"696\" height=\"464\" class=\"entry-thumb td-modal-image\" src=\"https:\/\/i2.wp.com\/www.sidwaya.info\/wp-content\/uploads\/2019\/10\/presilyon-1.jpg?resize=696%2C464&#038;ssl=1\" srcset=\"https:\/\/i2.wp.com\/www.sidwaya.info\/wp-content\/uploads\/2019\/10\/presilyon-1.jpg?w=720&#038;ssl=1 720w, https:\/\/i2.wp.com\/www.sidwaya.info\/wp-content\/uploads\/2019\/10\/presilyon-1.jpg?resize=300%2C200&#038;ssl=1 300w, https:\/\/i2.wp.com\/www.sidwaya.info\/wp-content\/uploads\/2019\/10\/presilyon-1.jpg?resize=696%2C464&#038;ssl=1 696w, https:\/\/i2.wp.com\/www.sidwaya.info\/wp-content\/uploads\/2019\/10\/presilyon-1.jpg?resize=630%2C420&#038;ssl=1 630w\" sizes=\"auto, (max-width: 696px) 100vw, 696px\" alt=\"\" title=\"presilyon\"\/><\/a><\/div>\n<p>(Ouagadougou, 8 octobre 2019). Le pr\u00e9sident du Faso, Roch Marc Christian Kabor\u00e9 prendra part, du 9 au 11 octobre 2019 \u00e0 Lyon, en France, \u00e0 la sixi\u00e8me conf\u00e9rence de reconstitution des ressources du Fonds mondial de lutte contre le Sida, la Tuberculose et le Paludisme.<\/p>\n<p>La conf\u00e9rence de Lyon vise \u00e0 mobiliser environ 14 milliards de dollars US, pour le financement des programmes 2021-2023. Les fonds serviront \u00e0 la prise en charge, non seulement des m\u00e9dicaments, mais \u00e9galement \u00e0 renforcer les institutions de sant\u00e9 et de promotion sociale des pays du Sud.<\/p>\n<p>Le pr\u00e9sident du Faso, Roch Marc Christian Kabor\u00e9 et de hautes personnalit\u00e9s dont le Directeur g\u00e9n\u00e9ral de l\u2019Organisation mondiale de la Sant\u00e9 (OMS), Dr Tedros Adhanom Ghebreyesu, le Directeur ex\u00e9cutif du Fonds mondial, Dr Peter Sands, le pr\u00e9sident du conseil d\u2019administration du Fonds, Donald Kaberuka, des prix Nobel de m\u00e9decine et des donateurs priv\u00e9s, auront des \u00e9changes sur les meilleures strat\u00e9gies\u00a0 pour la mobilisation et l\u2019utilisation des fonds, autour du pr\u00e9sident fran\u00e7ais Emmanuel Macron.<\/p>\n<p>Le Fonds mondial de Lutte contre le Sida, la Tuberculose et le Paludisme, cr\u00e9\u00e9 en 2002, a pour objectif fix\u00e9 par l\u2019ONU, d\u2019\u00e9radiquer l\u2019\u00e9pid\u00e9mie du VIH d\u2019ici \u00e0 2030. Plus de 12 milliards de dollars avaient \u00e9t\u00e9 collect\u00e9s lors de la pr\u00e9c\u00e9dente conf\u00e9rence, en 2016 au Canada.<\/p>\n<p><strong>Direction de la communication de la pr\u00e9sidence du Faso<\/strong><\/p>\n<div class=\"td-a-rec td-a-rec-id-content_bottom td_uid_30_5d9e5477d4851_rand td_block_template_1\"><img loading=\"lazy\" decoding=\"async\" class=\"aligncenter size-full wp-image-9623\" src=\"https:\/\/www.sidwaya.info\/wp-content\/uploads\/2019\/06\/Projet-bannie%CC%80re-Orange-mobile.jpg\" alt=\"\" width=\"728\" height=\"81\"\/><\/div>\n<p>Auteur: BS. Sidwaya<br \/>\n<a href=\"https:\/\/www.sidwaya.info\/blog\/2019\/10\/09\/sixieme-conference-de-reconstitution-des-ressources-du-fonds-mondial-de-lutte-contre-le-sida-la-tuberculose-et-le-paludisme-le-president-du-faso-a-lyon\/\">Cliquez ici pour lire l&rsquo;article depuis sa source.<\/a><\/p>\n","protected":false},"excerpt":{"rendered":"<p>(Ouagadougou, 8 octobre 2019). Le pr\u00e9sident du Faso, Roch Marc Christian Kabor\u00e9 prendra part, du 9 au 11 octobre 2019 \u00e0 Lyon, en France, \u00e0 la sixi\u00e8me conf\u00e9rence de reconstitution des ressources du Fonds mondial de lutte contre le Sida, la Tuberculose et le Paludisme. La conf\u00e9rence de Lyon vise \u00e0 mobiliser environ 14 milliards [&hellip;]<\/p>\n","protected":false},"author":1816,"featured_media":0,"comment_status":"closed","ping_status":"closed","sticky":false,"template":"","format":"standard","meta":{"fifu_image_url":"","fifu_image_alt":"","footnotes":""},"categories":[73,81],"tags":[],"class_list":["post-63893","post","type-post","status-publish","format-standard","hentry","category-actualite","category-burkina-faso"],"_links":{"self":[{"href":"https:\/\/linitiative.ca\/International\/wp-json\/wp\/v2\/posts\/63893","targetHints":{"allow":["GET"]}}],"collection":[{"href":"https:\/\/linitiative.ca\/International\/wp-json\/wp\/v2\/posts"}],"about":[{"href":"https:\/\/linitiative.ca\/International\/wp-json\/wp\/v2\/types\/post"}],"author":[{"embeddable":true,"href":"https:\/\/linitiative.ca\/International\/wp-json\/wp\/v2\/users\/1816"}],"replies":[{"embeddable":true,"href":"https:\/\/linitiative.ca\/International\/wp-json\/wp\/v2\/comments?post=63893"}],"version-history":[{"count":0,"href":"https:\/\/linitiative.ca\/International\/wp-json\/wp\/v2\/posts\/63893\/revisions"}],"wp:attachment":[{"href":"https:\/\/linitiative.ca\/International\/wp-json\/wp\/v2\/media?parent=63893"}],"wp:term":[{"taxonomy":"category","embeddable":true,"href":"https:\/\/linitiative.ca\/International\/wp-json\/wp\/v2\/categories?post=63893"},{"taxonomy":"post_tag","embeddable":true,"href":"https:\/\/linitiative.ca\/International\/wp-json\/wp\/v2\/tags?post=63893"}],"curies":[{"name":"wp","href":"https:\/\/api.w.org\/{rel}","templated":true}]}}