{"id":63894,"date":"2019-10-09T11:08:04","date_gmt":"2019-10-09T15:08:04","guid":{"rendered":"https:\/\/linitiative.ca\/International\/amelioration-du-taux-delectrification-rurale-laber-propose-une-nouvelle-approche\/"},"modified":"2019-10-09T11:08:04","modified_gmt":"2019-10-09T15:08:04","slug":"amelioration-du-taux-delectrification-rurale-laber-propose-une-nouvelle-approche","status":"publish","type":"post","link":"https:\/\/linitiative.ca\/International\/amelioration-du-taux-delectrification-rurale-laber-propose-une-nouvelle-approche\/","title":{"rendered":"Am\u00e9lioration du taux d\u2019\u00e9lectrification rurale\u00a0:L\u2019ABER propose une nouvelle approche"},"content":{"rendered":"<div>\n<p><strong>L\u2019Agence burkinab\u00e8 d\u2019\u00e9lectrification rurale (ABER) a, lors d\u2019un atelier national tenu les 3\u00a0et 4 octobre 2019, \u00e0 Nioryida (commune rurale de Nob\u00e9r\u00e9), dans la r\u00e9gion du Centre-Sud, d\u00e9voil\u00e9 sa nouvelle approche d\u2019am\u00e9lioration du taux d\u2019\u00e9lectrification rurale.<\/strong><\/p>\n<p>Le minist\u00e8re de l\u2019Energie, \u00e0 travers l\u2019Agence burkinab\u00e8 d\u2019\u00e9lectrification rurale (ABER), veut satisfaire aux recommandations du Plan national de d\u00e9veloppement \u00e9conomique et social (PNDES) pour accro\u00eetre d\u2019environ 3% \u00e0 19% le taux d\u2019\u00e9lectrification rurale (ER) \u00e0 l\u2019horizon 2020. Lors d\u2019un atelier national sur la question, organis\u00e9 par le minist\u00e8re de l\u2019Energie, les 3 et 4 octobre 2019, \u00e0 Nioryida (commune rurale de Nob\u00e9r\u00e9), dans la r\u00e9gion du Centre-Sud, l\u2019ABER a, ainsi, d\u00e9voil\u00e9 sa nouvelle approche d\u2019Am\u00e9liorer la performance du mod\u00e8le de l\u2019ER au Burkina Faso. Cette th\u00e9matique, articul\u00e9e autour de \u00ab\u00a0<em>l\u2019\u00e9tat des lieux sur l\u2019op\u00e9rationnalisation du mod\u00e8le actuel des <\/em>coop\u00e9ratives d\u2019\u00e9lectricit\u00e9 (<em>COOPEL)<\/em>\u00a0\u00bb, \u00ab\u00a0<em>les principaux d\u00e9fis identifi\u00e9s dans le concept actuel des COOPEL<\/em>\u00bb et \u00ab\u00a0<em>la nouvelle approche de l\u2019ABER pour l\u2019\u00e9lectrification rurale\u00a0<\/em>\u00bb, a \u00e9t\u00e9 d\u00e9battue par l\u2019ensemble des acteurs du secteur, en g\u00e9n\u00e9ral, et des repr\u00e9sentants des COOPEL, en particulier. Selon le directeur g\u00e9n\u00e9ral de l\u2019ABER, Isma\u00ebl Somlawend\u00e9 Nacoulma, d\u2019importants investissements appuy\u00e9s par les partenaires financiers ont \u00e9t\u00e9 mis en \u0153uvre pour offrir la lumi\u00e8re aux petites localit\u00e9s majoritaires au Burkina Faso. \u00ab\u00a0<em>Pour acc\u00e9l\u00e9rer l\u2019\u00e9lectrification rurale, le d\u00e9fi est donc de d\u00e9terminer le potentiel, les technologies ad\u00e9quates et le mod\u00e8le \u00e9conomique adapt\u00e9 \u00e0 ces petites localit\u00e9s<\/em>\u00a0\u00bb, a-t-il d\u00e9clar\u00e9.<\/p>\n<p><strong>\u00a0 \u00a0 \u00a0 \u00a0 \u00a0 \u00a0 \u00a0 \u00a0 \u00a0 \u00a0 \u00a0 \u00a0 \u00a0 \u00a0 \u00a0 \u00a0Mutualiser les efforts des acteurs<\/strong><\/p>\n<p>Une autre vision, de l\u2019avis de M. Nacoulma, est de mutualiser les efforts de la Soci\u00e9t\u00e9 nationale d\u2019\u00e9lectricit\u00e9 du Burkina (SONABEL) pour sa longue exp\u00e9rience, des COOPEL pour leur connaissance locale et des acteurs du priv\u00e9 pour des investissements cons\u00e9quents. Ce, a-t-il expliqu\u00e9, afin de permettre \u00e0 tous, l\u2019acc\u00e8s \u00e0 l\u2019\u00e9lectricit\u00e9, au pays des Hommes int\u00e8gres. \u00ab\u00a0<em>Cependant, l\u2019accent devrait \u00eatre port\u00e9 sur ce qui importe pour les consommateurs finaux, c\u2019est-\u00e0-dire les services \u00e9lectriques rendus possibles gr\u00e2ce \u00e0 l\u2019\u00e9lectricit\u00e9 comme source d\u2019\u00e9nergie et non pas l\u2019\u00e9lectricit\u00e9 elle-m\u00eame\u00a0\u00bb, <\/em>a-t-il indiqu\u00e9. Pour Isma\u00ebl Somlawend\u00e9 Nacoulma, la nouvelle vision de l\u2019ABER se fonde \u00e9galement sur une phase transitoire du mod\u00e8le communautaire d\u2019ER au Burkina Faso. Pour cela, a-t-il d\u00e9roul\u00e9, il faut, entre autres, assainir la situation par la r\u00e9vision de la tarification et le renforcement du r\u00e9seau visant \u00e0 favoriser l\u2019intervention accrue du secteur priv\u00e9. Toutefois, le premier responsable de l\u2019ABER a rappel\u00e9 que cette strat\u00e9gie, prenant actuellement en compte pr\u00e8s de 154\u00a0568 abonn\u00e9s, a \u00e9t\u00e9 pr\u00e9c\u00e9d\u00e9e d\u2019investissements ayant permis d\u2019\u00e9lectrifier 872 localit\u00e9s par la SONABEL et les COOPEL. Face \u00e0 la th\u00e9matique d\u00e9velopp\u00e9e, des participants, \u00e0 l\u2019image de Jean Sylvestre Sandwidi, ont recommand\u00e9 de reformer le mod\u00e8le coop\u00e9ratif en vue de dynamiser celui \u00e9conomique. Les intervenants ont, aussi, propos\u00e9 de r\u00e9viser le mode et la structuration de la facture SONABEL, d\u2019effectuer une tarification basse tension pour les COOPEL et relire l\u2019arr\u00eat\u00e9 2009-19 conform\u00e9ment au d\u00e9cret\u00a0 d\u2019imposition de 10 KW de puissance \u00e9lectrique.<\/p>\n<p style=\"text-align: center\"><strong>Cr\u00e9er un cadre d\u2019\u00e9changes p\u00e9riodiques<\/strong><\/p>\n<p>Il s\u2019agit, en sus, pour eux, au niveau \u00e9tatique, de cr\u00e9er un cadre d\u2019\u00e9changes p\u00e9riodiques avec l\u2019ensemble des acteurs, pr\u00e9senter les opportunit\u00e9s de l\u2019ER au secteur priv\u00e9 et fournir une base de donn\u00e9es continue des opportunit\u00e9s mise \u00e0 jour par r\u00e9gion assortie d\u2019une cartographie en ligne. Du point de vue de l\u2019intervenante d\u2019un des groupes de travail, Sonia Band\u00e9, il faut renforcer la s\u00e9curit\u00e9 des infrastructures \u00e9lectriques dans un contexte d\u2019ins\u00e9curit\u00e9. Au sortir du conclave, le repr\u00e9sentant de la gouverneure du Centre-Sud, Amidou Sor\u00e9, s\u2019est convaincu que l\u2019atelier va permettre de donner l\u2019\u00e9nergie productive aux populations rurales. Il a salu\u00e9 le choix du th\u00e8me avant d\u2019inviter tous les acteurs \u00e0 s\u2019approprier le document final. Le conseiller technique du ministre de l\u2019Energie, Jean-Baptiste Kabor\u00e9 a, pour sa part, laiss\u00e9 entendre que la nouvelle approche de l\u2019ABER, avec le soutien du gouvernement, va atteindre les objectifs fix\u00e9s. Il a, par ailleurs, rassur\u00e9 de l\u2019accompagnement du d\u00e9partement de l\u2019\u00e9nergie \u00e0 l\u2019ABER pour r\u00e9ussir le challenge. Quant au chef de mission du projet Energie et croissance \u00e9conomique durable dans la boucle du Mouhoun (ECED) financ\u00e9 par le Canada, Maxim Fortin, il a assur\u00e9 que sa structure va, de m\u00eame, soutenir l\u2019ABER dans son processus d\u2019ER, en tant que Partenaire technique et financier (PTF).<\/p>\n<p><strong>\u00a0\u00a0\u00a0\u00a0\u00a0\u00a0\u00a0\u00a0\u00a0\u00a0\u00a0\u00a0\u00a0\u00a0\u00a0\u00a0\u00a0\u00a0\u00a0\u00a0\u00a0\u00a0\u00a0\u00a0\u00a0\u00a0\u00a0\u00a0\u00a0\u00a0\u00a0\u00a0\u00a0\u00a0\u00a0\u00a0\u00a0\u00a0\u00a0\u00a0\u00a0\u00a0\u00a0\u00a0\u00a0\u00a0\u00a0\u00a0\u00a0\u00a0\u00a0\u00a0\u00a0\u00a0\u00a0\u00a0\u00a0\u00a0\u00a0\u00a0\u00a0\u00a0\u00a0\u00a0\u00a0\u00a0\u00a0\u00a0\u00a0\u00a0\u00a0\u00a0\u00a0\u00a0\u00a0\u00a0\u00a0\u00a0\u00a0\u00a0\u00a0\u00a0 Boukary BONKOUNGOU<\/strong><\/p>\n<p>L\u2019article <a rel=\"nofollow\" href=\"https:\/\/www.sidwaya.info\/blog\/2019\/10\/09\/agence-burkinabe-delectrification-rurale-porter-lelectrification-rurale-a-un-taux-fort-appreciable\/\">Am\u00e9lioration du taux d\u2019\u00e9lectrification rurale\u00a0:L\u2019ABER propose une nouvelle approche<\/a> est apparu en premier sur <a rel=\"nofollow\" href=\"https:\/\/www.sidwaya.info\/\">Quotidien Sidwaya<\/a>.<\/p>\n<\/div>\n<p>Auteur: Wamini SIDWAYA<br \/>\n<a href=\"https:\/\/www.sidwaya.info\/blog\/2019\/10\/09\/agence-burkinabe-delectrification-rurale-porter-lelectrification-rurale-a-un-taux-fort-appreciable\/\">Cliquez ici pour lire l&rsquo;article depuis sa source.<\/a><\/p>\n","protected":false},"excerpt":{"rendered":"<p>L\u2019Agence burkinab\u00e8 d\u2019\u00e9lectrification rurale (ABER) a, lors d\u2019un atelier national tenu les 3\u00a0et 4 octobre 2019, \u00e0 Nioryida (commune rurale de Nob\u00e9r\u00e9), dans la r\u00e9gion du Centre-Sud, d\u00e9voil\u00e9 sa nouvelle approche d\u2019am\u00e9lioration du taux d\u2019\u00e9lectrification rurale. Le minist\u00e8re de l\u2019Energie, \u00e0 travers l\u2019Agence burkinab\u00e8 d\u2019\u00e9lectrification rurale (ABER), veut satisfaire aux recommandations du Plan national de [&hellip;]<\/p>\n","protected":false},"author":1816,"featured_media":0,"comment_status":"closed","ping_status":"closed","sticky":false,"template":"","format":"standard","meta":{"fifu_image_url":"","fifu_image_alt":"","footnotes":""},"categories":[73,81],"tags":[],"class_list":["post-63894","post","type-post","status-publish","format-standard","hentry","category-actualite","category-burkina-faso"],"_links":{"self":[{"href":"https:\/\/linitiative.ca\/International\/wp-json\/wp\/v2\/posts\/63894","targetHints":{"allow":["GET"]}}],"collection":[{"href":"https:\/\/linitiative.ca\/International\/wp-json\/wp\/v2\/posts"}],"about":[{"href":"https:\/\/linitiative.ca\/International\/wp-json\/wp\/v2\/types\/post"}],"author":[{"embeddable":true,"href":"https:\/\/linitiative.ca\/International\/wp-json\/wp\/v2\/users\/1816"}],"replies":[{"embeddable":true,"href":"https:\/\/linitiative.ca\/International\/wp-json\/wp\/v2\/comments?post=63894"}],"version-history":[{"count":0,"href":"https:\/\/linitiative.ca\/International\/wp-json\/wp\/v2\/posts\/63894\/revisions"}],"wp:attachment":[{"href":"https:\/\/linitiative.ca\/International\/wp-json\/wp\/v2\/media?parent=63894"}],"wp:term":[{"taxonomy":"category","embeddable":true,"href":"https:\/\/linitiative.ca\/International\/wp-json\/wp\/v2\/categories?post=63894"},{"taxonomy":"post_tag","embeddable":true,"href":"https:\/\/linitiative.ca\/International\/wp-json\/wp\/v2\/tags?post=63894"}],"curies":[{"name":"wp","href":"https:\/\/api.w.org\/{rel}","templated":true}]}}