{"id":63895,"date":"2019-10-09T15:18:06","date_gmt":"2019-10-09T19:18:06","guid":{"rendered":"https:\/\/linitiative.ca\/International\/maroc-le-roi-nomme-un-nouveau-gouvernement\/"},"modified":"2019-10-09T15:18:06","modified_gmt":"2019-10-09T19:18:06","slug":"maroc-le-roi-nomme-un-nouveau-gouvernement","status":"publish","type":"post","link":"https:\/\/linitiative.ca\/International\/maroc-le-roi-nomme-un-nouveau-gouvernement\/","title":{"rendered":"Maroc : Le Roi nomme un nouveau gouvernement"},"content":{"rendered":"<p>Le Roi Mohammed VI a nomm\u00e9, ce mercredi \u00e0 Rabat, un nouveau gouvernement, compos\u00e9 de 23 ministres et conduit par Saad Eddine Otmani, en tant que chef de gouvernement du parti Justice et D\u00e9veloppement (PJD).Le gouvernement Otmani II est constitu\u00e9 d\u2019une coalition de cinq partis politiques avec \u00e0 leur t\u00eate le PJD qui s\u2019est vu confier sept portefeuilles minist\u00e9riels.<\/p>\n<p>Il s\u2019agit de :<\/p>\n<p>Mustapha Ramid : ministre d\u2019\u00c9tat charg\u00e9 des droits de l\u2019Homme et des Relations avec le Parlement;<\/p>\n<p>Abdelkader Amara: ministre de l\u2019\u00c9quipement, du Transport, de la Logistique et de l\u2019Eau (maintenu) ;<\/p>\n<p>Aziz Rebbah: ministre de l\u2019Energie, des Mines et de l\u2019Environnement (maintenu) ;<\/p>\n<p>Mohamed Amkraz: ministre du Travail et de l\u2019Insertion professionnelle (nouveau) ;<\/p>\n<p>Mme Jamila EL Moussali: ministre de la Solidarit\u00e9, du D\u00e9veloppement social, de l\u2019Egalite et de la Famille (nouveau) ;<\/p>\n<p>Mme Nezha El Ouafi: ministre d\u00e9l\u00e9gu\u00e9e aupr\u00e8s du ministre des Affaires \u00e9trang\u00e8res, de la Coop\u00e9ration africaine et des Marocains r\u00e9sidant \u00e0 l\u2019\u00c9tranger, charg\u00e9e des Marocains r\u00e9sidant \u00e0 l\u2019\u00c9tranger (nouveau) ;<\/p>\n<p>Driss Ouaouicha: ministre d\u00e9l\u00e9gu\u00e9 aupr\u00e8s du ministre de l\u2019\u00c9ducation nationale, de la Formation professionnelle, de l\u2019Enseignement sup\u00e9rieur et de la Recherche scientifique, charg\u00e9 de l\u2019Enseignement sup\u00e9rieur et de la Recherche scientifique (nouveau, PJD).<\/p>\n<p>Quant au Rassemblement National des Ind\u00e9pendants (RNI), il occupe trois postes minist\u00e9riels, le Mouvement Populaire (MP, 2 postes) alors que l\u2019Union Constitutionnelle (UC) et l\u2019Union Socialiste des Forces Populaires (USFP) se sont vus confi\u00e9s un seul porte minist\u00e9riel chacun.<\/p>\n<p>Par ailleurs, le gouvernement remani\u00e9 compte neuf ministres sans appartenance politique (SAP).<\/p>\n<p>Ce gouvernement remani\u00e9 fait suite au discours royal \u00a0\u00e0 l\u2019occasion de la f\u00eate du Tr\u00f4ne, et dans lequel le Souverain a appel\u00e9 le chef de gouvernement \u00e0 renouveler et \u00e0 enrichir l\u2019ex\u00e9cutif par des comp\u00e9tences \u00a0aux diff\u00e9rents postes et niveaux de responsabilit\u00e9 pour accompagner une nouvelle g\u00e9n\u00e9ration, de r\u00e9formes.<\/p>\n<p>Voici par ailleurs la composation du nouveau gouvernement :<\/p>\n<p>Saad Dine El Otmani : Chef de gouvernement (PJD)<\/p>\n<p>Mustapha Ramid : ministre d\u2019\u00c9tat charg\u00e9 des droits de l\u2019Homme et des Relations avec le Parlement; (PJD)<\/p>\n<p>Abdelouafi Laftit: ministre de l\u2019Int\u00e9rieur; (maintenu, SAP)<\/p>\n<p>Nasser Bourita: ministre des Affaires \u00e9trang\u00e8res, de la Coop\u00e9ration africaine et des Marocains r\u00e9sidant \u00e0 l\u2019\u00c9tranger (maintenu, SAP)<\/p>\n<p>Mohamed Benabdelkader: ministre de la Justice (nouveau, USFP)<\/p>\n<p>Ahmed Toufiq: ministre des Habous et des Affaires islamiques (maintenu, SAP)<\/p>\n<p>Mohammed Hajoui: Secr\u00e9taire g\u00e9n\u00e9ral du gouvernement (mauintenu, SAP)<\/p>\n<p>Mohamed Benchaaboun: ministre de l\u2019\u00c9conomie, des Finances et de la R\u00e9forme de l\u2019Administration (maintenu, RNI)<\/p>\n<p>Aziz Akhannouch: ministre de l\u2019Agriculture, de la P\u00eache maritime, du D\u00e9veloppement rural, de l\u2019Eau et des For\u00eats (maintenu, RNI)<\/p>\n<p>Said Amzazi: ministre de l\u2019\u00c9ducation nationale, de la Formation professionnelle, de l\u2019Enseignement sup\u00e9rieur et de la Recherche scientifique (maintenu, MP)<\/p>\n<p>Khalid Ait Taleb: ministre de la Sant\u00e9 (nouveau, SAP)<\/p>\n<p>Moulay Hafid Elalamy: ministre de l\u2019Industrie, du Commerce, de l\u2019\u00c9conomie verte et num\u00e9rique (maintenu, RNI)<\/p>\n<p>Abdelkader Amara: ministre de l\u2019\u00c9quipement, du Transport, de la Logistique et de l\u2019Eau (maintenu, PJD)<\/p>\n<p>Nezha Bouchareb: ministre de l\u2019Am\u00e9nagement du territoire national, de l\u2019Urbanisme, de l\u2019Habitat et de la Politique de la Ville (nouveau, MP)<\/p>\n<p>Nadia Fettah Alaoui: ministre du Tourisme, de l\u2019Artisanat, du Transport a\u00e9rien et de l\u2019\u00c9conomie sociale (nouveau, SAP)<\/p>\n<p>Aziz Rebbah: ministre de l\u2019Energie, des Mines et de l\u2019Environnement (maintenu, PJD)<\/p>\n<p>Mohamed Amkraz: ministre du Travail et de l\u2019Insertion professionnelle (nouveau, PJD)<\/p>\n<p>El Hassan Abyaba: ministre de la Culture, de la Jeunesse et des Sports, porte-parole du gouvernement (nouveau, UC)<\/p>\n<p>Mme Jamila EL Moussali: ministre de la Solidarit\u00e9, du D\u00e9veloppement social, de l\u2019Egalite et de la Famille (nouveau, PJD)<\/p>\n<p>Abdellatif Loudiyi: ministre d\u00e9l\u00e9gu\u00e9 aupr\u00e8s du Chef du Gouvernement, charg\u00e9 de l\u2019Administration de la D\u00e9fense nationale (maintenu, SAP)<\/p>\n<p>Noureddine Boutayeb: ministre d\u00e9l\u00e9gu\u00e9 aupr\u00e8s du ministre de l\u2019Int\u00e9rieur (maintenu, SAP)<\/p>\n<p>M. Mohcine Jazouli: ministre d\u00e9l\u00e9gu\u00e9 aupr\u00e8s du ministre des Affaires \u00e9trang\u00e8res, de la Coop\u00e9ration africaine et des Marocains r\u00e9sidant \u00e0 l\u2019\u00c9tranger (maintenu, SAP)<\/p>\n<p>Mme Nezha El Ouafi: ministre d\u00e9l\u00e9gu\u00e9e aupr\u00e8s du ministre des Affaires \u00e9trang\u00e8res, de la Coop\u00e9ration africaine et des Marocains r\u00e9sidant \u00e0 l\u2019\u00c9tranger, charg\u00e9e des Marocains r\u00e9sidant \u00e0 l\u2019\u00c9tranger (nouveau, PJD)<\/p>\n<p>Driss Ouaouicha: ministre d\u00e9l\u00e9gu\u00e9 aupr\u00e8s du ministre de l\u2019\u00c9ducation nationale, de la Formation professionnelle, de l\u2019Enseignement sup\u00e9rieur et de la Recherche scientifique, charg\u00e9 de l\u2019Enseignement sup\u00e9rieur et de la Recherche scientifique (nouveau, PJD).<\/p>\n<p>Auteur: APA News<br \/>\n<a href=\"https:\/\/www.journalducameroun.com\/maroc-le-roi-nomme-un-nouveau-gouvernement\/\">Cliquez ici pour lire l&rsquo;article depuis sa source.<\/a><\/p>\n","protected":false},"excerpt":{"rendered":"<p>Le Roi Mohammed VI a nomm\u00e9, ce mercredi \u00e0 Rabat, un nouveau gouvernement, compos\u00e9 de 23 ministres et conduit par Saad Eddine Otmani, en tant que chef de gouvernement du parti Justice et D\u00e9veloppement (PJD).Le gouvernement Otmani II est constitu\u00e9 d\u2019une coalition de cinq partis politiques avec \u00e0 leur t\u00eate le PJD qui s\u2019est vu [&hellip;]<\/p>\n","protected":false},"author":1965,"featured_media":0,"comment_status":"closed","ping_status":"closed","sticky":false,"template":"","format":"standard","meta":{"fifu_image_url":"","fifu_image_alt":"","footnotes":""},"categories":[73,82],"tags":[],"class_list":["post-63895","post","type-post","status-publish","format-standard","hentry","category-actualite","category-cameroun"],"_links":{"self":[{"href":"https:\/\/linitiative.ca\/International\/wp-json\/wp\/v2\/posts\/63895","targetHints":{"allow":["GET"]}}],"collection":[{"href":"https:\/\/linitiative.ca\/International\/wp-json\/wp\/v2\/posts"}],"about":[{"href":"https:\/\/linitiative.ca\/International\/wp-json\/wp\/v2\/types\/post"}],"author":[{"embeddable":true,"href":"https:\/\/linitiative.ca\/International\/wp-json\/wp\/v2\/users\/1965"}],"replies":[{"embeddable":true,"href":"https:\/\/linitiative.ca\/International\/wp-json\/wp\/v2\/comments?post=63895"}],"version-history":[{"count":0,"href":"https:\/\/linitiative.ca\/International\/wp-json\/wp\/v2\/posts\/63895\/revisions"}],"wp:attachment":[{"href":"https:\/\/linitiative.ca\/International\/wp-json\/wp\/v2\/media?parent=63895"}],"wp:term":[{"taxonomy":"category","embeddable":true,"href":"https:\/\/linitiative.ca\/International\/wp-json\/wp\/v2\/categories?post=63895"},{"taxonomy":"post_tag","embeddable":true,"href":"https:\/\/linitiative.ca\/International\/wp-json\/wp\/v2\/tags?post=63895"}],"curies":[{"name":"wp","href":"https:\/\/api.w.org\/{rel}","templated":true}]}}