{"id":63896,"date":"2019-10-09T16:50:03","date_gmt":"2019-10-09T20:50:03","guid":{"rendered":"https:\/\/linitiative.ca\/International\/lattentat-de-halle-montre-la-difficulte-de-stopper-les-videos-sur-internet\/"},"modified":"2019-10-09T16:50:03","modified_gmt":"2019-10-09T20:50:03","slug":"lattentat-de-halle-montre-la-difficulte-de-stopper-les-videos-sur-internet","status":"publish","type":"post","link":"https:\/\/linitiative.ca\/International\/lattentat-de-halle-montre-la-difficulte-de-stopper-les-videos-sur-internet\/","title":{"rendered":"L\u2019attentat de Halle montre la difficult\u00e9 de stopper les vid\u00e9os sur internet"},"content":{"rendered":"<div readability=\"32\">\n<p>Publi\u00e9 le 09.10.2019 \u00e0 21h50 par AFP<\/p>\n<\/div>\n<div readability=\"140\">\n<p>Apr\u00e8s les tueries des mosqu\u00e9es de Christchurch, on esp\u00e9rait que cela ne se reproduise plus mais la diffusion en ligne de la vid\u00e9o de l\u2019attaque d\u2019une synagogue mercredi \u00e0 Halle en Allemagne montre la difficult\u00e9 qu\u2019ont les plateformes internet \u00e0 emp\u00eacher les tueurs de se mettre en valeur.<\/p>\n<p>Le tireur, dont l\u2019attaque en plein Yom Kippour a fait deux morts et deux bless\u00e9s graves dans cette ville d\u2019Allemagne de l\u2019est, a r\u00e9ussi \u00e0 poster les images de son attaque sur la plateforme de streaming en direct Twitch, un lieu o\u00f9 se retrouvent normalement les fans de jeux vid\u00e9os et d\u2019esport.<\/p>\n<p>Combien de temps les images sont-elles rest\u00e9es en ligne ? Combien de personnes ont-elles vu les images ? Twitch affirme ne pas encore conna\u00eetre la r\u00e9ponse et poursuivre son enqu\u00eate.<\/p>\n<p>\u00ab\u00a0Nous avons fait au plus vite pour retirer ce contenu, et nous suspendrons tous les comptes qui posteront ou reposteront des images de cet acte abominable\u00a0\u00bb, a indiqu\u00e9 une porte-parole de Twitch interrog\u00e9e par l\u2019AFP.<\/p>\n<p>Si le bilan est moins lourd, le modus operandi \u00e0 Halle a fait imm\u00e9diatement penser \u00e0 celui de l\u2019auteur de l\u2019attentat contre deux mosqu\u00e9es de Christchurch en Nouvelle-Z\u00e9lande en mars.<\/p>\n<p>Un Australien d\u2019extr\u00eame droite avait tu\u00e9 51 personnes avant d\u2019\u00eatre arr\u00eat\u00e9 mais avait r\u00e9ussi \u00e0 diffuser son attaque en direct pendant quelque 17 minutes sur Facebook, avant que la retransmission ne soit stopp\u00e9e.<\/p>\n<p>Ce tr\u00e8s long d\u00e9lai avait valu \u00e0 Facebook de tr\u00e8s virulentes critiques et fait se lever des voix de toute part, exigeant une action imm\u00e9diate.<\/p>\n<p>\u2013 Intelligence artificielle \u2013<\/p>\n<p>Facebook a recrut\u00e9 des forces de police de part et d\u2019autre de l\u2019Atlantique pour \u00e9duquer ses outils d\u2019intelligence artificielle pour tenter d\u2019\u00e9viter la r\u00e9p\u00e9tition d\u2019un tel d\u00e9sastre.<\/p>\n<p>La difficult\u00e9 vient du fait que le \u00ab\u00a0cerveau artificiel\u00a0\u00bb doit pouvoir faire la diff\u00e9rence entre une vraie attaque et une sc\u00e8ne de film ou de jeu vid\u00e9o.<\/p>\n<p>Si le filtrage r\u00e9alis\u00e9 par l\u2019intelligence artificielle n\u2019est pas assez pr\u00e9cis, les usagers qui retransmettent des images virtuelles risquent de se voir \u00e9ject\u00e9s du r\u00e9seau.<\/p>\n<p>Facebook a associ\u00e9 la police londonienne \u00e0 son initiative. Les images film\u00e9es par les cam\u00e9ras port\u00e9es par les unit\u00e9s de la \u00ab\u00a0Met\u00a0\u00bb lors de leurs entra\u00eenements au tir alimentent la banque d\u2019images d\u00e9j\u00e0 constitu\u00e9e du r\u00e9seau.<\/p>\n<p>Les outils d\u2019intelligence artificielle ont besoin de quantit\u00e9s \u00e9normes de donn\u00e9es \u2013ici des images de fusillades\u2013 pour pouvoir apprendre \u00e0 les identifier correctement, les trier et in fine les supprimer.<\/p>\n<p>Cette initiative, annonc\u00e9e mi-septembre, s\u2019inscrit dans le cadre plus large des mesures prises pour nettoyer les contenus \u00ab\u00a0haineux et extr\u00e9mistes\u00a0\u00bb et les mouvement ou individus pr\u00f4nant le supr\u00e9macisme blanc.<\/p>\n<p>L\u2019entreprise a aussi multipli\u00e9 les restrictions pour l\u2019acc\u00e8s \u00e0 Facebook Live.<\/p>\n<p>\u2013 Alliance contre les extr\u00e9mismes \u2013<\/p>\n<p>Facebook et ses partenaires ont aussi annonc\u00e9 la cr\u00e9ation d\u2019une nouvelle organisation en marge de l\u2019Assembl\u00e9e g\u00e9n\u00e9rale des Nations unies fin septembre \u00e0 New York.<\/p>\n<p>Elle doit regrouper Facebook, Microsoft, Twitter et Google (via YouTube) ainsi que Amazon ou encore les plateformes LinkedIn (appartenant \u00e0 Microsoft) et WhatsApp (Facebook).<\/p>\n<p>La nouvelle structure aura pour vocation de \u00ab\u00a0d\u00e9jouer les tentatives de plus en plus sophistiqu\u00e9es des terroristes et des extr\u00e9mistes violents pour se servir des plateformes num\u00e9riques\u00a0\u00bb.<\/p>\n<p>\u00ab\u00a0Nous essayons de cr\u00e9er un m\u00e9canisme du genre d\u00e9fense civile. De la m\u00eame mani\u00e8re que nous r\u00e9agissons aux urgences naturelles comme les incendies et les inondations, nous devons \u00eatre pr\u00eats \u00e0 r\u00e9agir \u00e0 une crise comme celle que nous avons v\u00e9cue\u00a0\u00bb, avait alors expliqu\u00e9 Mme Ardern.<\/p>\n<p>Apr\u00e8s l\u2019attentat de Christchurch, Facebook avait supprim\u00e9 1,5 million de vues potentielles de la vid\u00e9o, dont 1,2 million avant qu\u2019elles n\u2019aient \u00e9t\u00e9 visionn\u00e9es par qui que ce soit.<\/p>\n<p>\u00ab\u00a0Ce foss\u00e9 entre 1,2 million et 1,5 million, c\u2019est l\u00e0 que nous reconnaissons que nous devons faire mieux\u00a0\u00bb, a reconnu la num\u00e9ro deux du r\u00e9seau, Sheryl Sandberg.<\/p>\n<p>La structure b\u00e9n\u00e9ficiera d\u2019un personnel ind\u00e9pendant.<\/p>\n<p>Des acteurs non-gouvernementaux dirigeront quant \u00e0 eux un comit\u00e9 consultatif et les gouvernements des Etats-Unis, de la France, du Royaume-Uni, du Canada, de la Nouvelle-Z\u00e9lande et du Japon auront \u00e9galement un r\u00f4le de consultation, tout comme des experts de l\u2019ONU et de l\u2019Union europ\u00e9enne.<\/p>\n<\/div>\n<p>Auteur: AFP<br \/>\n<a href=\"https:\/\/www.journalducameroun.com\/lattentat-de-halle-montre-la-difficulte-de-stopper-les-videos-sur-internet\/\">Cliquez ici pour lire l&rsquo;article depuis sa source.<\/a><\/p>\n","protected":false},"excerpt":{"rendered":"<p>Publi\u00e9 le 09.10.2019 \u00e0 21h50 par AFP Apr\u00e8s les tueries des mosqu\u00e9es de Christchurch, on esp\u00e9rait que cela ne se reproduise plus mais la diffusion en ligne de la vid\u00e9o de l\u2019attaque d\u2019une synagogue mercredi \u00e0 Halle en Allemagne montre la difficult\u00e9 qu\u2019ont les plateformes internet \u00e0 emp\u00eacher les tueurs de se mettre en valeur. [&hellip;]<\/p>\n","protected":false},"author":1965,"featured_media":0,"comment_status":"closed","ping_status":"closed","sticky":false,"template":"","format":"standard","meta":{"fifu_image_url":"","fifu_image_alt":"","footnotes":""},"categories":[73,82],"tags":[],"class_list":["post-63896","post","type-post","status-publish","format-standard","hentry","category-actualite","category-cameroun"],"_links":{"self":[{"href":"https:\/\/linitiative.ca\/International\/wp-json\/wp\/v2\/posts\/63896","targetHints":{"allow":["GET"]}}],"collection":[{"href":"https:\/\/linitiative.ca\/International\/wp-json\/wp\/v2\/posts"}],"about":[{"href":"https:\/\/linitiative.ca\/International\/wp-json\/wp\/v2\/types\/post"}],"author":[{"embeddable":true,"href":"https:\/\/linitiative.ca\/International\/wp-json\/wp\/v2\/users\/1965"}],"replies":[{"embeddable":true,"href":"https:\/\/linitiative.ca\/International\/wp-json\/wp\/v2\/comments?post=63896"}],"version-history":[{"count":0,"href":"https:\/\/linitiative.ca\/International\/wp-json\/wp\/v2\/posts\/63896\/revisions"}],"wp:attachment":[{"href":"https:\/\/linitiative.ca\/International\/wp-json\/wp\/v2\/media?parent=63896"}],"wp:term":[{"taxonomy":"category","embeddable":true,"href":"https:\/\/linitiative.ca\/International\/wp-json\/wp\/v2\/categories?post=63896"},{"taxonomy":"post_tag","embeddable":true,"href":"https:\/\/linitiative.ca\/International\/wp-json\/wp\/v2\/tags?post=63896"}],"curies":[{"name":"wp","href":"https:\/\/api.w.org\/{rel}","templated":true}]}}