{"id":63898,"date":"2019-10-09T16:50:08","date_gmt":"2019-10-09T20:50:08","guid":{"rendered":"https:\/\/linitiative.ca\/International\/lenin-moreno-le-president-equatorien-qui-a-rompu-avec-son-mentor-correa\/"},"modified":"2019-10-09T16:50:08","modified_gmt":"2019-10-09T20:50:08","slug":"lenin-moreno-le-president-equatorien-qui-a-rompu-avec-son-mentor-correa","status":"publish","type":"post","link":"https:\/\/linitiative.ca\/International\/lenin-moreno-le-president-equatorien-qui-a-rompu-avec-son-mentor-correa\/","title":{"rendered":"Lenin Moreno, le pr\u00e9sident \u00e9quatorien qui a rompu avec son mentor Correa"},"content":{"rendered":"<div readability=\"32\">\n<p>Publi\u00e9 le 09.10.2019 \u00e0 21h50 par AFP<\/p>\n<\/div>\n<div readability=\"148\">\n<p>Le pr\u00e9sident \u00e9quatorien Lenin Moreno, qui affronte la premi\u00e8re crise majeure de son mandat, aliment\u00e9e par un accord contest\u00e9 avec le FMI, est un ancien chantre du \u00ab\u00a0socialisme du XXIe si\u00e8cle\u00a0\u00bb qui a rompu avec son mentor, l\u2019ex-pr\u00e9sident Rafael Correa (2007-2017).<\/p>\n<p>Mis sous pression depuis pr\u00e8s d\u2019une semaine par des milliers de manifestants qui d\u00e9noncent une hausse massive des prix du carburant, Lenin Moreno, 66 ans, qui aime \u00e0 se pr\u00e9senter comme un homme de dialogue, a imm\u00e9diatement donn\u00e9 le ton en d\u00e9clarant l\u2019\u00e9tat d\u2019urgence sur tout le territoire.<\/p>\n<p>\u00ab\u00a0Cette \u00e9poque est r\u00e9volue\u00a0\u00bb, a lanc\u00e9 le chef de l\u2019Etat aux manifestants, en r\u00e9f\u00e9rence au d\u00e9clenchement de gr\u00e8ves qui ont entra\u00een\u00e9 le renversement de trois pr\u00e9sidents entre 1996 et 2007. Il a toutefois ouvert la porte \u00e0 une m\u00e9diation des Nations unies et de l\u2019Eglise catholique.<\/p>\n<p>Elu en mai 2017 avec la promesse de poursuivre la \u00ab\u00a0R\u00e9volution citoyenne\u00a0\u00bb lanc\u00e9e dans ce petit pays andin par son pr\u00e9d\u00e9cesseur et ancien alli\u00e9 Rafael Correa , Lenin Moreno a toutefois rapidement pris ses distances en adoptant des mesures jug\u00e9es lib\u00e9rales.<\/p>\n<p>Il a d\u2019abord renou\u00e9 avec les milieux d\u2019affaires, les multinationales et les m\u00e9dias, secteurs les plus remont\u00e9s contre l\u2019ancien pr\u00e9sident, dont il fut le vice-pr\u00e9sident de 2007 \u00e0 2013.<\/p>\n<p>M. Moreno s\u2019est aussi \u00e9loign\u00e9 du chavisme et a r\u00e9tabli des relations avec les Etats-Unis et le Fonds mon\u00e9taire international (FMI). C\u2019est un accord conclu en mars avec ce dernier, pour l\u2019acc\u00e8s \u00e0 des cr\u00e9dits d\u2019un montant de 4,2 milliards de dollars pour faire face \u00e0 l\u2019endettement de ce pays producteur de p\u00e9trole, qui a d\u00e9clench\u00e9 la contestation sociale.<\/p>\n<p>L\u2019accord pr\u00e9voit en \u00e9change la suppression des subventions sur les carburants, qui a entra\u00een\u00e9 une hausse des prix de plus de 100%. Il est le premier chef de l\u2019Etat \u00e0 oser mettre en oeuvre une telle mesure, largement impopulaire.<\/p>\n<p>\u2013 \u00ab\u00a0Boltaire\u00a0\u00bb \u2013<\/p>\n<p>Autre revirement, le sort r\u00e9serv\u00e9 au fondateur de Wikileaks Julian Assange, qui avait \u00e9chapp\u00e9 pendant sept ans \u00e0 la fureur des Etats-Unis en trouvant refuge \u00e0 l\u2019ambassade d\u2019Equateur \u00e0 Londres.<\/p>\n<p>Le 11 avril, Assange, qualifi\u00e9 de \u00ab\u00a0hacker mis\u00e9rable\u00a0\u00bb par Lenin Moreno, a \u00e9t\u00e9 arr\u00eat\u00e9 par la police britannique dans les locaux de l\u2019ambassade. Quito annon\u00e7ait avoir mis fin \u00e0 son asile diplomatique et lui avoir retir\u00e9 la nationalit\u00e9 \u00e9quatorienne accord\u00e9e en 2017.<\/p>\n<p>En moins de deux ans, une lutte de pouvoir s\u2019est ainsi engag\u00e9e \u00e0 distance entre le chef de l\u2019Etat et Rafael Correa, domicili\u00e9 en Belgique depuis qu\u2019il a quitt\u00e9 le pouvoir, entra\u00eenant une fracture de la gauche, au pouvoir dans le pays depuis 2007.<\/p>\n<p>Connu pour son temp\u00e9rament affable, M. Moreno promettait apr\u00e8s sa victoire en 2017 face \u00e0 l\u2019ex-banquier de droite Guillermo Lasso, d\u2019appliquer une politique \u00ab\u00a0de la main tendue\u00a0\u00bb avec l\u2019opposition.<\/p>\n<p>\u00ab\u00a0Le pouvoir est un exercice d\u2019humilit\u00e9, de service et non de vanit\u00e9\u00a0\u00bb, d\u00e9clarait ce dipl\u00f4m\u00e9 en administration publique, qui a aussi \u00e9tudi\u00e9 pendant quelques ann\u00e9es la m\u00e9decine et la psychologie.<\/p>\n<p>Parapl\u00e9gique depuis une blessure par balle lors d\u2019un vol \u00e0 main arm\u00e9e en 1998, Lenin Moreno, est le premier pr\u00e9sident \u00e9quatorien \u00e0 se d\u00e9placer en fauteuil roulant. D\u00e9fenseur du droit \u00e0 la dignit\u00e9 des handicap\u00e9s, il a dirig\u00e9 la premi\u00e8re \u00e9tude publique sur leur situation en Equateur.<\/p>\n<p>Son engagement en faveur des invalides a valu \u00e0 ce franc-ma\u00e7on d\u2019\u00eatre nomm\u00e9 pour le prix Nobel de la Paix en 2012. L\u2019ann\u00e9e suivante, le secr\u00e9taire g\u00e9n\u00e9ral de l\u2019ONU, Ban Ki-moon, l\u2019a d\u00e9sign\u00e9 envoy\u00e9 sp\u00e9cial de l\u2019ONU pour le handicap et l\u2019accessibilit\u00e9.<\/p>\n<p>Le pr\u00e9sident \u00e9quatorien, qui explique avoir surmont\u00e9 sa paralysie par l\u2019humour, aime faire rire et truffe habituellement ses discours de plaisanteries. Il est par ailleurs l\u2019auteur d\u2019une dizaine de livres, notamment de d\u00e9veloppement personnel.<\/p>\n<p>Il est n\u00e9 le 19 mars 1953 \u00e0 Nuevo Rocafuerte, dans la province amazonienne d\u2019Orellana (est) \u00e0 la fronti\u00e8re avec le P\u00e9rou, dans une famille de la classe moyenne, install\u00e9e \u00e0 Quito quelques ann\u00e9es apr\u00e8s sa naissance.<\/p>\n<p>Il est mari\u00e9 depuis 40 ans \u00e0 Rocio Gonzalez, dont il a eu trois filles, et ses proches l\u2019appellent volontiers par son second pr\u00e9nom \u00ab\u00a0Boltaire\u00a0\u00bb, hommage au philosophe fran\u00e7ais Voltaire, mais avec un \u00ab\u00a0B\u00a0\u00bb d\u00fb \u00e0 une erreur de l\u2019\u00e9tat-civil.<\/p>\n<\/div>\n<p>Auteur: AFP<br \/>\n<a href=\"https:\/\/www.journalducameroun.com\/lenin-moreno-le-president-equatorien-qui-a-rompu-avec-son-mentor-correa\/\">Cliquez ici pour lire l&rsquo;article depuis sa source.<\/a><\/p>\n","protected":false},"excerpt":{"rendered":"<p>Publi\u00e9 le 09.10.2019 \u00e0 21h50 par AFP Le pr\u00e9sident \u00e9quatorien Lenin Moreno, qui affronte la premi\u00e8re crise majeure de son mandat, aliment\u00e9e par un accord contest\u00e9 avec le FMI, est un ancien chantre du \u00ab\u00a0socialisme du XXIe si\u00e8cle\u00a0\u00bb qui a rompu avec son mentor, l\u2019ex-pr\u00e9sident Rafael Correa (2007-2017). Mis sous pression depuis pr\u00e8s d\u2019une semaine [&hellip;]<\/p>\n","protected":false},"author":1965,"featured_media":0,"comment_status":"closed","ping_status":"closed","sticky":false,"template":"","format":"standard","meta":{"fifu_image_url":"","fifu_image_alt":"","footnotes":""},"categories":[73,82],"tags":[],"class_list":["post-63898","post","type-post","status-publish","format-standard","hentry","category-actualite","category-cameroun"],"_links":{"self":[{"href":"https:\/\/linitiative.ca\/International\/wp-json\/wp\/v2\/posts\/63898","targetHints":{"allow":["GET"]}}],"collection":[{"href":"https:\/\/linitiative.ca\/International\/wp-json\/wp\/v2\/posts"}],"about":[{"href":"https:\/\/linitiative.ca\/International\/wp-json\/wp\/v2\/types\/post"}],"author":[{"embeddable":true,"href":"https:\/\/linitiative.ca\/International\/wp-json\/wp\/v2\/users\/1965"}],"replies":[{"embeddable":true,"href":"https:\/\/linitiative.ca\/International\/wp-json\/wp\/v2\/comments?post=63898"}],"version-history":[{"count":0,"href":"https:\/\/linitiative.ca\/International\/wp-json\/wp\/v2\/posts\/63898\/revisions"}],"wp:attachment":[{"href":"https:\/\/linitiative.ca\/International\/wp-json\/wp\/v2\/media?parent=63898"}],"wp:term":[{"taxonomy":"category","embeddable":true,"href":"https:\/\/linitiative.ca\/International\/wp-json\/wp\/v2\/categories?post=63898"},{"taxonomy":"post_tag","embeddable":true,"href":"https:\/\/linitiative.ca\/International\/wp-json\/wp\/v2\/tags?post=63898"}],"curies":[{"name":"wp","href":"https:\/\/api.w.org\/{rel}","templated":true}]}}