{"id":63899,"date":"2019-10-09T17:50:03","date_gmt":"2019-10-09T21:50:03","guid":{"rendered":"https:\/\/linitiative.ca\/International\/syrie-trump-espere-querdogan-agira-de-maniere-rationnelle-et-humaine\/"},"modified":"2019-10-09T17:50:03","modified_gmt":"2019-10-09T21:50:03","slug":"syrie-trump-espere-querdogan-agira-de-maniere-rationnelle-et-humaine","status":"publish","type":"post","link":"https:\/\/linitiative.ca\/International\/syrie-trump-espere-querdogan-agira-de-maniere-rationnelle-et-humaine\/","title":{"rendered":"Syrie: Trump esp\u00e8re qu\u2019Erdogan agira de mani\u00e8re \u00ab\u00a0rationnelle\u00a0\u00bb et \u00ab\u00a0humaine\u00a0\u00bb"},"content":{"rendered":"<div readability=\"32\">\n<p>Publi\u00e9 le 09.10.2019 \u00e0 22h50 par AFP<\/p>\n<\/div>\n<div readability=\"73\">\n<p>Le pr\u00e9sident am\u00e9ricain Donald Trump a dit mercredi esp\u00e9rer que son homologue turc Recep Tayyip Erdogan, qui a lanc\u00e9 une offensive contre des forces kurdes en Syrie, agisse de mani\u00e8re \u00ab\u00a0rationnelle\u00a0\u00bb et aussi \u00ab\u00a0humaine\u00a0\u00bb que possible.<\/p>\n<p>\u00ab\u00a0J\u2019esp\u00e8re qu\u2019il agira de mani\u00e8re rationnelle\u00a0\u00bb, a d\u00e9clar\u00e9 M. Trump depuis la Maison Blanche.<\/p>\n<p>\u00ab\u00a0Nous verrons comment il m\u00e8ne (cette op\u00e9ration)\u00a0\u00bb, a ajout\u00e9 le pr\u00e9sident am\u00e9ricain qui a annonc\u00e9 dimanche le retrait des troupes am\u00e9ricaines de secteurs proches de la fronti\u00e8re turque, pla\u00e7ant les forces kurdes \u2013 alli\u00e9es de Washington dans la lutte antijihadiste \u2013 \u00e0 la merci d\u2019une offensive militaire d\u2019Ankara.<\/p>\n<p>\u00ab\u00a0S\u2019il le fait de mani\u00e8re injuste, il paiera un \u00e9norme prix \u00e9conomique\u00a0\u00bb, a-t-il mis en garde. \u00ab\u00a0J\u2019an\u00e9antirai leur \u00e9conomie si cela arrive\u00a0\u00bb, a-t-il ajout\u00e9, reprenant des menaces d\u00e9j\u00e0 mises en avant en d\u00e9but de semaine.<\/p>\n<p>Comment le pr\u00e9sident des Etats-Unis d\u00e9finirait-il une offensive militaire men\u00e9e de mani\u00e8re \u00ab\u00a0humaine\u00a0\u00bb ? \u00ab\u00a0Nous verrons au fur et \u00e0 mesure\u00a0\u00bb, a-t-il r\u00e9pondu.<\/p>\n<p>M. Trump a par ailleurs longuement insist\u00e9 sur le fait que son homologue turc envisageait depuis longtemps de lancer cette offensive contre des forces kurdes en Syrie.<\/p>\n<p>\u00ab\u00a0Il y une v\u00e9ritable haine\u00a0\u00bb, a-t-il soulign\u00e9. \u00ab\u00a0C\u2019est comme Isra\u00ebl avec les Palestiniens\u00a0\u00bb, a-t-il ajout\u00e9.<\/p>\n<p>Le pr\u00e9sident am\u00e9ricain, tr\u00e8s critiqu\u00e9 sur la sc\u00e8ne internationale comme au sein de sa propre famille politique pour cette d\u00e9cision de retrait, a assur\u00e9 avoir re\u00e7u \u00e9norm\u00e9ment de soutien \u00ab\u00a0en dehors de Washington et m\u00eame \u00e0 Washington\u00a0\u00bb.<\/p>\n<\/div>\n<p>Auteur: AFP<br \/>\n<a href=\"https:\/\/www.journalducameroun.com\/syrie-trump-espere-querdogan-agira-de-maniere-rationnelle-et-humaine\/\">Cliquez ici pour lire l&rsquo;article depuis sa source.<\/a><\/p>\n","protected":false},"excerpt":{"rendered":"<p>Publi\u00e9 le 09.10.2019 \u00e0 22h50 par AFP Le pr\u00e9sident am\u00e9ricain Donald Trump a dit mercredi esp\u00e9rer que son homologue turc Recep Tayyip Erdogan, qui a lanc\u00e9 une offensive contre des forces kurdes en Syrie, agisse de mani\u00e8re \u00ab\u00a0rationnelle\u00a0\u00bb et aussi \u00ab\u00a0humaine\u00a0\u00bb que possible. \u00ab\u00a0J\u2019esp\u00e8re qu\u2019il agira de mani\u00e8re rationnelle\u00a0\u00bb, a d\u00e9clar\u00e9 M. Trump depuis la [&hellip;]<\/p>\n","protected":false},"author":1965,"featured_media":0,"comment_status":"closed","ping_status":"closed","sticky":false,"template":"","format":"standard","meta":{"fifu_image_url":"","fifu_image_alt":"","footnotes":""},"categories":[73,82],"tags":[],"class_list":["post-63899","post","type-post","status-publish","format-standard","hentry","category-actualite","category-cameroun"],"_links":{"self":[{"href":"https:\/\/linitiative.ca\/International\/wp-json\/wp\/v2\/posts\/63899","targetHints":{"allow":["GET"]}}],"collection":[{"href":"https:\/\/linitiative.ca\/International\/wp-json\/wp\/v2\/posts"}],"about":[{"href":"https:\/\/linitiative.ca\/International\/wp-json\/wp\/v2\/types\/post"}],"author":[{"embeddable":true,"href":"https:\/\/linitiative.ca\/International\/wp-json\/wp\/v2\/users\/1965"}],"replies":[{"embeddable":true,"href":"https:\/\/linitiative.ca\/International\/wp-json\/wp\/v2\/comments?post=63899"}],"version-history":[{"count":0,"href":"https:\/\/linitiative.ca\/International\/wp-json\/wp\/v2\/posts\/63899\/revisions"}],"wp:attachment":[{"href":"https:\/\/linitiative.ca\/International\/wp-json\/wp\/v2\/media?parent=63899"}],"wp:term":[{"taxonomy":"category","embeddable":true,"href":"https:\/\/linitiative.ca\/International\/wp-json\/wp\/v2\/categories?post=63899"},{"taxonomy":"post_tag","embeddable":true,"href":"https:\/\/linitiative.ca\/International\/wp-json\/wp\/v2\/tags?post=63899"}],"curies":[{"name":"wp","href":"https:\/\/api.w.org\/{rel}","templated":true}]}}