{"id":63900,"date":"2019-10-09T10:43:31","date_gmt":"2019-10-09T14:43:31","guid":{"rendered":"https:\/\/linitiative.ca\/International\/developpement-la-banque-mondiale-va-appuyer-le-cameroun-a-hauteur-1177-milliards-de-fcfa\/"},"modified":"2019-10-09T10:43:31","modified_gmt":"2019-10-09T14:43:31","slug":"developpement-la-banque-mondiale-va-appuyer-le-cameroun-a-hauteur-1177-milliards-de-fcfa","status":"publish","type":"post","link":"https:\/\/linitiative.ca\/International\/developpement-la-banque-mondiale-va-appuyer-le-cameroun-a-hauteur-1177-milliards-de-fcfa\/","title":{"rendered":"D\u00e9veloppement : la Banque mondiale va appuyer le Cameroun \u00e0 hauteur 117,7 milliards de FCFA"},"content":{"rendered":"<p>Le ministre de l\u2019Economie, de la Planification et de l\u2019Am\u00e9nagement du Territoire<strong>\u00a0(Minepat)\u00a0<\/strong>est<strong>\u00a0<\/strong>habilit\u00e9<strong>\u00a0\u00a0<\/strong><em>\u00ab \u00e0 signer avec l\u2019Association Internationale de D\u00e9veloppement (IDA), un accord de cr\u00e9dit d\u2019un montant de 179,5 millions d\u2019euros, \u00e9quivalent \u00e0 200 millions de dollars US, soit environ 117,744 milliards de FCFA pour le financement de la deuxi\u00e8me op\u00e9ration d\u2019appui aux politiques de d\u00e9veloppement au Cameroun\u00bb,\u00a0<\/em>peut-on lire dans le d\u00e9cret sign\u00e9 le 7 octobre dernier par <strong>Paul Biya.<\/strong><\/p>\n<p>Ces fonds, pr\u00e9cise le d\u00e9cret pr\u00e9sidentiel, vont servir \u00e0 financer des projets de d\u00e9veloppement au Cameroun dans les domaines de l\u2019\u00e9ducation, la sant\u00e9, l\u2019agriculture et autres. Avec ces nouvelles ressources, l\u2019enveloppe des projets financ\u00e9s par l\u2019IDA au Cameroun s\u2019\u00e9largit. Plus t\u00f4t cette ann\u00e9e (28 f\u00e9vrier 2019), la filiale de la Banque mondiale avait accord\u00e9 au pays un cr\u00e9dit de\u00a0<strong>93,6 milliards de FCFA<\/strong>\u00a0dans le cadre du Projet de d\u00e9veloppement des villes inclusives et r\u00e9silientes. Toujours en f\u00e9vrier 2019, l\u2019\u00e9tablissement\u00a0\u00a0pr\u00eatait\u00a0\u00a0<strong>16,3 milliards FCFA<\/strong>\u00a0pour financer le Projet d\u2019assistance technique pour le d\u00e9veloppement de la Sanaga. Ce projet a pour objectifs, entre autres, d\u2019am\u00e9liorer la capacit\u00e9 du gouvernement \u00e0 d\u00e9velopper des projets hydro\u00e9lectriques dans le bassin du fleuve, optimiser le potentiel hydro\u00e9lectrique de la Sanaga, assurer la s\u00e9curit\u00e9 des barrages dans le bassin.<\/p>\n<p>En juin 2016, le portefeuille de l\u2019IDA au Cameroun s\u2019\u00e9levait d\u00e9j\u00e0 \u00e0\u00a0<strong>816 millions de dollars<\/strong>\u00a0d\u2019engagements, soit plus de<strong>\u00a0488 milliards de FCFA<\/strong>, pour\u00a0<strong>12 projets<\/strong>. Les fonds de l\u2019IDA, institution de la BM qui aide les pays les plus pauvres de la plan\u00e8te, sont allou\u00e9s aux pays en fonction de leurs niveaux de revenus et de l\u2019efficacit\u00e9 avec laquelle ils g\u00e8rent leurs \u00e9conomies et ex\u00e9cutent les projets en cours. Concr\u00e8tement, il s\u2019agit des pr\u00eats concessionnels assortis d\u2019un taux d\u2019int\u00e9r\u00eat faible ou inexistant. Les dons constituant l\u2019int\u00e9gralit\u00e9 de l\u2019aide financi\u00e8re aux pays \u00e0 risque de surendettement \u00e9lev\u00e9 et la moiti\u00e9 de l\u2019aide apport\u00e9e \u00e0 ceux dont le risque de surendettement est moyen.<\/p>\n<div class=\"about-author about-author-box container-wrapper\">\n<div class=\"author-avatar\">\n<p><img decoding=\"async\" src=\"http:\/\/\" alt=\"\"\/><\/p>\n<\/div>\n<p><h4>La R\u00e9daction EcoMatin<\/h4>\n<\/p>\n<\/div>\n<div class=\"awac-wrapper awac widget blog_subscription-2\">\n<h4 class=\"widget-title\">Abonnez-vous \u00e0 notre lettre d&rsquo;information<\/h4>\n<\/div>\n<p>Auteur: EcoMatin<br \/>\n<a href=\"https:\/\/ecomatin.net\/developpement-la-banque-mondiale-va-appuyer-le-cameroun-a-hauteur-1177-milliards-de-fcfa\/\">Cliquez ici pour lire l&rsquo;article depuis sa source.<\/a><\/p>\n","protected":false},"excerpt":{"rendered":"<p>Le ministre de l\u2019Economie, de la Planification et de l\u2019Am\u00e9nagement du Territoire\u00a0(Minepat)\u00a0est\u00a0habilit\u00e9\u00a0\u00a0\u00ab \u00e0 signer avec l\u2019Association Internationale de D\u00e9veloppement (IDA), un accord de cr\u00e9dit d\u2019un montant de 179,5 millions d\u2019euros, \u00e9quivalent \u00e0 200 millions de dollars US, soit environ 117,744 milliards de FCFA pour le financement de la deuxi\u00e8me op\u00e9ration d\u2019appui aux politiques de d\u00e9veloppement [&hellip;]<\/p>\n","protected":false},"author":1969,"featured_media":0,"comment_status":"closed","ping_status":"closed","sticky":false,"template":"","format":"standard","meta":{"fifu_image_url":"","fifu_image_alt":"","footnotes":""},"categories":[82,78],"tags":[],"class_list":["post-63900","post","type-post","status-publish","format-standard","hentry","category-cameroun","category-economie"],"_links":{"self":[{"href":"https:\/\/linitiative.ca\/International\/wp-json\/wp\/v2\/posts\/63900","targetHints":{"allow":["GET"]}}],"collection":[{"href":"https:\/\/linitiative.ca\/International\/wp-json\/wp\/v2\/posts"}],"about":[{"href":"https:\/\/linitiative.ca\/International\/wp-json\/wp\/v2\/types\/post"}],"author":[{"embeddable":true,"href":"https:\/\/linitiative.ca\/International\/wp-json\/wp\/v2\/users\/1969"}],"replies":[{"embeddable":true,"href":"https:\/\/linitiative.ca\/International\/wp-json\/wp\/v2\/comments?post=63900"}],"version-history":[{"count":0,"href":"https:\/\/linitiative.ca\/International\/wp-json\/wp\/v2\/posts\/63900\/revisions"}],"wp:attachment":[{"href":"https:\/\/linitiative.ca\/International\/wp-json\/wp\/v2\/media?parent=63900"}],"wp:term":[{"taxonomy":"category","embeddable":true,"href":"https:\/\/linitiative.ca\/International\/wp-json\/wp\/v2\/categories?post=63900"},{"taxonomy":"post_tag","embeddable":true,"href":"https:\/\/linitiative.ca\/International\/wp-json\/wp\/v2\/tags?post=63900"}],"curies":[{"name":"wp","href":"https:\/\/api.w.org\/{rel}","templated":true}]}}