{"id":63902,"date":"2019-10-09T13:30:03","date_gmt":"2019-10-09T17:30:03","guid":{"rendered":"https:\/\/linitiative.ca\/International\/le-cameroun-a-exporte-18%e2%80%89309-tonnes-de-banane-en-septembre-2019\/"},"modified":"2019-10-09T13:30:03","modified_gmt":"2019-10-09T17:30:03","slug":"le-cameroun-a-exporte-18%e2%80%89309-tonnes-de-banane-en-septembre-2019","status":"publish","type":"post","link":"https:\/\/linitiative.ca\/International\/le-cameroun-a-exporte-18%e2%80%89309-tonnes-de-banane-en-septembre-2019\/","title":{"rendered":"Le Cameroun a export\u00e9 18\u2009309 tonnes de banane en septembre 2019"},"content":{"rendered":"<div class=\"featured-area featured-area-inner\"><img loading=\"lazy\" decoding=\"async\" width=\"770\" height=\"405\" src=\"https:\/\/i0.wp.com\/ecomatin.net\/wp-content\/uploads\/2019\/10\/ecomatin.net-commerce-exterieur-le-cameroun-a-exporte-18-e2-80-89309-tonnes-en-septembre-2019-bananes-photo.jpg?resize=770%2C405&#038;ssl=1&#038;is-pending-load=1\" class=\"attachment-jannah-image-post size-jannah-image-post wp-post-image jetpack-lazy-image\" alt=\"\" data-attachment-id=\"12667\" data-permalink=\"https:\/\/ecomatin.net\/le-cameroun-a-exporte-18%e2%80%89309-tonnes-de-banane-en-septembre-2019\/bananes-photo\/\" data-orig-file=\"https:\/\/i0.wp.com\/ecomatin.net\/wp-content\/uploads\/2019\/10\/ecomatin.net-commerce-exterieur-le-cameroun-a-exporte-18-e2-80-89309-tonnes-en-septembre-2019-bananes-photo.jpg?fit=770%2C405&#038;ssl=1\" data-orig-size=\"770,405\" data-comments-opened=\"0\" data-image-meta=\"{\"aperture\":\"0\",\"credit\":\"\",\"camera\":\"\",\"caption\":\"\",\"created_timestamp\":\"0\",\"copyright\":\"\",\"focal_length\":\"0\",\"iso\":\"0\",\"shutter_speed\":\"0\",\"title\":\"\",\"orientation\":\"0\"}\" data-image-title=\"bananes photo\" data-image-description=\"\" data-medium-file=\"https:\/\/i0.wp.com\/ecomatin.net\/wp-content\/uploads\/2019\/10\/ecomatin.net-commerce-exterieur-le-cameroun-a-exporte-18-e2-80-89309-tonnes-en-septembre-2019-bananes-photo.jpg?fit=300%2C158&#038;ssl=1\" data-large-file=\"https:\/\/i0.wp.com\/ecomatin.net\/wp-content\/uploads\/2019\/10\/ecomatin.net-commerce-exterieur-le-cameroun-a-exporte-18-e2-80-89309-tonnes-en-septembre-2019-bananes-photo.jpg?fit=770%2C405&#038;ssl=1\" data-lazy-srcset=\"https:\/\/i0.wp.com\/ecomatin.net\/wp-content\/uploads\/2019\/10\/ecomatin.net-commerce-exterieur-le-cameroun-a-exporte-18-e2-80-89309-tonnes-en-septembre-2019-bananes-photo.jpg?w=770&#038;ssl=1 770w, https:\/\/i0.wp.com\/ecomatin.net\/wp-content\/uploads\/2019\/10\/ecomatin.net-commerce-exterieur-le-cameroun-a-exporte-18-e2-80-89309-tonnes-en-septembre-2019-bananes-photo.jpg?resize=300%2C158&#038;ssl=1 300w, https:\/\/i0.wp.com\/ecomatin.net\/wp-content\/uploads\/2019\/10\/ecomatin.net-commerce-exterieur-le-cameroun-a-exporte-18-e2-80-89309-tonnes-en-septembre-2019-bananes-photo.jpg?resize=768%2C404&#038;ssl=1 768w\" data-lazy-sizes=\"(max-width: 770px) 100vw, 770px\" srcset=\"data:image\/gif;base64,R0lGODlhAQABAIAAAAAAAP\/\/\/yH5BAEAAAAALAAAAAABAAEAAAIBRAA7\"\/><\/div>\n<div class=\"entry-content entry clearfix\" readability=\"53\">\n<p>L\u00e9g\u00e8re embellie dans le secteur de la production de bananes au Cameroun. Selon les chiffres r\u00e9cents pr\u00e9sent\u00e9s par l\u2019<strong>Association banani\u00e8re du Cameroun<\/strong> (<strong>ASSOBACAM<\/strong>), les exportations de ce produit agroalimentaire ont \u00e9t\u00e9 de 18 309 tonnes \u00e0 septembre 2019. Elles sont en augmentation de <strong>3 854 tonnes<\/strong>, en comparaison \u00e0 la m\u00eame p\u00e9riode l\u2019ann\u00e9e derni\u00e8re, soit une hausse en valeur relative de <strong>21%<\/strong>.<\/p>\n<p>Le n\u00e9goce de la banane est assur\u00e9 au Cameroun par deux principales entreprises. Et c\u2019est la soci\u00e9t\u00e9 des <strong>Plantations du Haut Penja<\/strong> (PHP) qui emporte la palme d\u2019or des exportations. La filiale camerounaise de la Compagnie fruiti\u00e8re de Marseille a mis sur le march\u00e9 ext\u00e9rieur <strong>16 667 tonnes<\/strong>, soit plus de <strong>90%<\/strong> des exportations. Au plan interne, l\u2019entreprise r\u00e9alise dans le m\u00eame temps une augmentation <strong>3 284 tonnes<\/strong> sur ses exp\u00e9ditions qui \u00e9taient de <strong>13 383 tonnes<\/strong> en septembre 2018.<\/p>\n<p>Boh Plantations, second op\u00e9rateur, a r\u00e9alis\u00e9 une l\u00e9g\u00e8re am\u00e9lioration de ses exportations, s\u2019\u00e9levant \u00e0 570 tonnes. L\u2019entreprise est ainsi pass\u00e9e de <strong>1 072 tonnes<\/strong> de bananes export\u00e9es \u00e0 septembre 2018 \u00e0 1 642 tonnes au m\u00eame mois en 2019. Ce qui repr\u00e9sente \u00e0 peine 10% de l\u2019ensemble.<\/p>\n<div class=\"about-author about-author-box container-wrapper\">\n<div class=\"author-avatar\">\n<p><img decoding=\"async\" src=\"http:\/\/\" alt=\"\"\/><\/p>\n<\/div>\n<p><h4>La R\u00e9daction EcoMatin<\/h4>\n<\/p>\n<\/div>\n<div class=\"awac-wrapper awac widget blog_subscription-2\">\n<h4 class=\"widget-title\">Abonnez-vous \u00e0 notre lettre d&rsquo;information<\/h4>\n<\/div>\n<\/div>\n<div class=\"toggle-post-content clearfix\"><a id=\"toggle-post-button\" class=\"button\" href=\"#\">Afficher plus <\/a><\/div>\n<p>Auteur: EcoMatin<br \/>\n<a href=\"https:\/\/ecomatin.net\/le-cameroun-a-exporte-18%E2%80%89309-tonnes-de-banane-en-septembre-2019\/\">Cliquez ici pour lire l&rsquo;article depuis sa source.<\/a><\/p>\n","protected":false},"excerpt":{"rendered":"<p>L\u00e9g\u00e8re embellie dans le secteur de la production de bananes au Cameroun. Selon les chiffres r\u00e9cents pr\u00e9sent\u00e9s par l\u2019Association banani\u00e8re du Cameroun (ASSOBACAM), les exportations de ce produit agroalimentaire ont \u00e9t\u00e9 de 18 309 tonnes \u00e0 septembre 2019. Elles sont en augmentation de 3 854 tonnes, en comparaison \u00e0 la m\u00eame p\u00e9riode l\u2019ann\u00e9e derni\u00e8re, soit [&hellip;]<\/p>\n","protected":false},"author":1969,"featured_media":0,"comment_status":"closed","ping_status":"closed","sticky":false,"template":"","format":"standard","meta":{"fifu_image_url":"","fifu_image_alt":"","footnotes":""},"categories":[82,78],"tags":[],"class_list":["post-63902","post","type-post","status-publish","format-standard","hentry","category-cameroun","category-economie"],"_links":{"self":[{"href":"https:\/\/linitiative.ca\/International\/wp-json\/wp\/v2\/posts\/63902","targetHints":{"allow":["GET"]}}],"collection":[{"href":"https:\/\/linitiative.ca\/International\/wp-json\/wp\/v2\/posts"}],"about":[{"href":"https:\/\/linitiative.ca\/International\/wp-json\/wp\/v2\/types\/post"}],"author":[{"embeddable":true,"href":"https:\/\/linitiative.ca\/International\/wp-json\/wp\/v2\/users\/1969"}],"replies":[{"embeddable":true,"href":"https:\/\/linitiative.ca\/International\/wp-json\/wp\/v2\/comments?post=63902"}],"version-history":[{"count":0,"href":"https:\/\/linitiative.ca\/International\/wp-json\/wp\/v2\/posts\/63902\/revisions"}],"wp:attachment":[{"href":"https:\/\/linitiative.ca\/International\/wp-json\/wp\/v2\/media?parent=63902"}],"wp:term":[{"taxonomy":"category","embeddable":true,"href":"https:\/\/linitiative.ca\/International\/wp-json\/wp\/v2\/categories?post=63902"},{"taxonomy":"post_tag","embeddable":true,"href":"https:\/\/linitiative.ca\/International\/wp-json\/wp\/v2\/tags?post=63902"}],"curies":[{"name":"wp","href":"https:\/\/api.w.org\/{rel}","templated":true}]}}