{"id":63904,"date":"2019-10-09T14:20:58","date_gmt":"2019-10-09T18:20:58","guid":{"rendered":"https:\/\/linitiative.ca\/International\/consommation-alerte-rouge-sur-les-produits-camlait\/"},"modified":"2019-10-09T14:20:58","modified_gmt":"2019-10-09T18:20:58","slug":"consommation-alerte-rouge-sur-les-produits-camlait","status":"publish","type":"post","link":"https:\/\/linitiative.ca\/International\/consommation-alerte-rouge-sur-les-produits-camlait\/","title":{"rendered":"Consommation : alerte rouge sur les produits Camlait"},"content":{"rendered":"<p>La sonnette d\u2019alarme a \u00e9t\u00e9 tir\u00e9e la semaine derni\u00e8re. La Soci\u00e9t\u00e9 camerounaise des produits laitiers (<strong>Camlait<\/strong>) mettrait sur le march\u00e9 des produits avari\u00e9s. Selon certains constats effectu\u00e9s par\u00a0<strong>EcoMatin<\/strong>, boutiques, supermarch\u00e9s et autres espaces marchands commercialisent des produits laitiers impropres \u00e0 la consommation. Ceux-ci sont principalement estampill\u00e9s \u00ab\u00a0Nourris\u00a0\u00bb, fabriqu\u00e9s par la soci\u00e9t\u00e9 agroindustrielle. Au fil du temps, les rangs des victimes semblent grandir depuis la d\u00e9couverte de ces produits qui seraient de qualit\u00e9 douteuse dans le circuit de commercialisation.<\/p>\n<p>Diff\u00e9rents t\u00e9moignages nous parviennent pour \u00e9tayer cette th\u00e8se sur le yaourt\u00a0<em>\u00ab Nourriss \u00bb.<\/em>\u00a0<em>\u00ab J\u2019ai eu ce cas la semaine derni\u00e8re.\u00a0 La date de p\u00e9remption du produit \u00e9tait bonne mais ma fille m\u2019a fait savoir que c\u2019\u00e9tait g\u00e2t\u00e9.\u00a0\u00a0J\u2019ai go\u00fbt\u00e9 et c\u2019\u00e9tait effectivement avari\u00e9 \u00bb<\/em>, raconte\u00a0<strong>Stela Nemezeu<\/strong>.\u00a0 De son c\u00f4t\u00e9,\u00a0<strong>Jos\u00e9phine Bekoa<\/strong>\u00a0signale avoir \u00e9t\u00e9\u00a0victime\u00a0:\u00a0<em>\u00ab\u00a0les deux sachets de yaourt \u00e9taient avari\u00e9s pourtant les dates de p\u00e9remptions n\u2019\u00e9taient pas encore arriv\u00e9es \u00bb.<\/em>\u00a0T\u00e9moignage rejoint par celui de\u00a0<strong>Lauren Feeh<\/strong>\u00a0qui affirme\u00a0:\u00a0<em>\u00ab tous les sachets que je vois depuis un temps, la date de p\u00e9remption n\u2019est m\u00eame pas visible. Et le contenu devenu trop liquide. J\u2019ai entendu dire que des enfants qui en ont consomm\u00e9 seraient malades \u00bb<\/em>.<\/p>\n<p>Des organisations de la soci\u00e9t\u00e9 civile s\u2019\u00e9taient saisies de l\u2019affaire pour exiger le retrait de ces produits sur le march\u00e9, sans d\u00e9lai, tout en veillant \u00e0 faire r\u00e9paration aux \u00a0victimes. Apr\u00e8s avoir d\u00e9nonc\u00e9 cet \u00e9tat de choses, qui pourrait porter atteinte \u00e0 la sant\u00e9 des consommateurs, elles avaient demand\u00e9 \u00e0 l\u2019entreprise de prendre toutes les mesures n\u00e9cessaires pour sortir cette cargaison de produits avari\u00e9s du march\u00e9.<\/p>\n<p><strong>Le d\u00e9menti<\/strong><\/p>\n<p>Dans un communiqu\u00e9, l\u2019agroalimentaire r\u00e9agit \u00e0 l\u2019alerte lanc\u00e9e sur ses produits de marque\u00a0<em>\u00ab\u00a0Nourris\u00a0\u00bb<\/em>. L\u2019entreprise dit exprimer sa <em>\u00ab\u00a0surprise face \u00e0 cette information\u00a0\u00bb<\/em>, ce d\u2019autant qu\u2019elle n\u2019a jamais \u00e9t\u00e9 approch\u00e9e pour une plainte quelconque.\u00a0<strong>Camlait<\/strong>\u00a0tient \u00e0 pr\u00e9ciser qu\u2019elle a mis en place depuis de nombreuses ann\u00e9es un dispositif de contr\u00f4le qualit\u00e9 et de suivi des produits de la production jusqu\u2019au consommateur final. Ledit dispositif pr\u00e9voit, entre autres, le contr\u00f4le qualit\u00e9 des mati\u00e8res premi\u00e8res avant utilisation\u00a0; des contr\u00f4les physicochimiques, microbiologiques et organoleptiques rigoureux durant le process de fabrication\u00a0; la mise en observation durant 48 heures avant exp\u00e9dition dans les centres de distribution\u00a0; le retrait syst\u00e9matique des produits sur le r\u00e9seau en cas de probl\u00e8me signal\u00e9\u00a0; le retrait et remplacement syst\u00e9matique des produits \u00e0 date de p\u00e9remption proche ou d\u00e9pass\u00e9 aupr\u00e8s des distributeurs\u2026<\/p>\n<p>Les deux derniers aspects indiquant qu\u2019il peut effectivement arriver que certains de ses produits puissent connaitre certaines contingentes une fois sur le march\u00e9. Quoi qu\u2019il en soit, Camlait rassure le public et les consommateurs de continuer \u00e0 faire confiance aux produits\u00a0de l\u2019entreprise, qui depuis 47 ans, ne m\u00e9nage aucun effort pour mettre \u00e0 leur disposition des produits sains.<\/p>\n<p>Cr\u00e9\u00e9e en 1972 avec un capital de\u00a0<strong>15 millions de FCFA,<\/strong>\u00a0la soci\u00e9t\u00e9 agroalimentaire\u00a0<strong>Camlait<\/strong>\u00a0domine depuis des ann\u00e9es le march\u00e9 des produits laitiers (notamment les yaourts) au Cameroun. Elle poss\u00e8de une filiale en R\u00e9publique centrafricaine (RCA) et commercialise \u00e9galement ses produits au Gabon et au Congo. Depuis quelques ann\u00e9es, la soci\u00e9t\u00e9 a diversifi\u00e9 son offre, en proposant notamment des produits \u00e0 base de soja, des boissons aux extraits de jus de fruits, ainsi qu\u2019une ligne de margarine.<\/p>\n<div class=\"about-author about-author-box container-wrapper\">\n<div class=\"author-avatar\">\n<p><img decoding=\"async\" src=\"http:\/\/\" alt=\"\"\/><\/p>\n<\/div>\n<p><h4>La R\u00e9daction EcoMatin<\/h4>\n<\/p>\n<\/div>\n<div class=\"awac-wrapper awac widget blog_subscription-2\">\n<h4 class=\"widget-title\">Abonnez-vous \u00e0 notre lettre d&rsquo;information<\/h4>\n<\/div>\n<p>Auteur: EcoMatin<br \/>\n<a href=\"https:\/\/ecomatin.net\/consommation-alerte-rouge-sur-les-produits-camlait\/\">Cliquez ici pour lire l&rsquo;article depuis sa source.<\/a><\/p>\n","protected":false},"excerpt":{"rendered":"<p>La sonnette d\u2019alarme a \u00e9t\u00e9 tir\u00e9e la semaine derni\u00e8re. La Soci\u00e9t\u00e9 camerounaise des produits laitiers (Camlait) mettrait sur le march\u00e9 des produits avari\u00e9s. Selon certains constats effectu\u00e9s par\u00a0EcoMatin, boutiques, supermarch\u00e9s et autres espaces marchands commercialisent des produits laitiers impropres \u00e0 la consommation. Ceux-ci sont principalement estampill\u00e9s \u00ab\u00a0Nourris\u00a0\u00bb, fabriqu\u00e9s par la soci\u00e9t\u00e9 agroindustrielle. Au fil du [&hellip;]<\/p>\n","protected":false},"author":1969,"featured_media":0,"comment_status":"closed","ping_status":"closed","sticky":false,"template":"","format":"standard","meta":{"fifu_image_url":"","fifu_image_alt":"","footnotes":""},"categories":[82,78],"tags":[],"class_list":["post-63904","post","type-post","status-publish","format-standard","hentry","category-cameroun","category-economie"],"_links":{"self":[{"href":"https:\/\/linitiative.ca\/International\/wp-json\/wp\/v2\/posts\/63904","targetHints":{"allow":["GET"]}}],"collection":[{"href":"https:\/\/linitiative.ca\/International\/wp-json\/wp\/v2\/posts"}],"about":[{"href":"https:\/\/linitiative.ca\/International\/wp-json\/wp\/v2\/types\/post"}],"author":[{"embeddable":true,"href":"https:\/\/linitiative.ca\/International\/wp-json\/wp\/v2\/users\/1969"}],"replies":[{"embeddable":true,"href":"https:\/\/linitiative.ca\/International\/wp-json\/wp\/v2\/comments?post=63904"}],"version-history":[{"count":0,"href":"https:\/\/linitiative.ca\/International\/wp-json\/wp\/v2\/posts\/63904\/revisions"}],"wp:attachment":[{"href":"https:\/\/linitiative.ca\/International\/wp-json\/wp\/v2\/media?parent=63904"}],"wp:term":[{"taxonomy":"category","embeddable":true,"href":"https:\/\/linitiative.ca\/International\/wp-json\/wp\/v2\/categories?post=63904"},{"taxonomy":"post_tag","embeddable":true,"href":"https:\/\/linitiative.ca\/International\/wp-json\/wp\/v2\/tags?post=63904"}],"curies":[{"name":"wp","href":"https:\/\/api.w.org\/{rel}","templated":true}]}}