{"id":63911,"date":"2019-10-10T07:18:36","date_gmt":"2019-10-10T11:18:36","guid":{"rendered":"https:\/\/linitiative.ca\/International\/le-b-p-du-pps-evalue-la-session-extraordinaire-du-c-c-et-les-actions-du-parti\/"},"modified":"2019-10-10T07:18:36","modified_gmt":"2019-10-10T11:18:36","slug":"le-b-p-du-pps-evalue-la-session-extraordinaire-du-c-c-et-les-actions-du-parti","status":"publish","type":"post","link":"https:\/\/linitiative.ca\/International\/le-b-p-du-pps-evalue-la-session-extraordinaire-du-c-c-et-les-actions-du-parti\/","title":{"rendered":"Le B.P du PPS \u00e9value la session extraordinaire du C.C et les actions du Parti"},"content":{"rendered":"<p class=\"c3\"><span class=\"c2\"><strong>Dans sa premi\u00e8re r\u00e9union apr\u00e8s le retrait du gouvernement en cours de formation<\/strong><\/span><\/p>\n<p class=\"c5\"><span class=\"c4\"><strong><span class=\"c2\">A<\/span> l\u2019ouverture des travaux de sa r\u00e9union p\u00e9riodique du mardi 8 octobre 2019, le Bureau politique du Parti du progr\u00e8s et du socialisme a proc\u00e9d\u00e9 \u00e0 l\u2019\u00e9valuation de la r\u00e9union du Comit\u00e9 central en sa session extraordinaire, tenue vendredi 4 octobre courant. Il s\u2019est f\u00e9licit\u00e9 du niveau du profond d\u00e9bat serein et responsable ayant marqu\u00e9 le d\u00e9roulement de la r\u00e9union pr\u00e9cit\u00e9e, tout en adressant ses hautes salutations aux membres du Comit\u00e9 central pour leur r\u00e9activit\u00e9 positive, \u00e0 une large majorit\u00e9, avec la position prise par le Bureau politique, qui consiste en la non participation dans le gouvernement en cours de formation.<\/strong><\/span><\/p>\n<p class=\"c5\">Dans le m\u00eame ordre d\u2019id\u00e9es, le Bureau politique a exprim\u00e9 sa grande consid\u00e9ration \u00e0 l\u2019ensemble des milieux et des acteurs de la soci\u00e9t\u00e9 et des m\u00e9dias pour le grand int\u00e9r\u00eat accord\u00e9 \u00e0 la d\u00e9cision du parti et de l\u2019avoir accueillie avec estime, respect et objectivit\u00e9.<\/p>\n<p class=\"c5\"><strong>D\u00e9cide d\u2019appeler les structures du Parti \u00e0 adopter des formes militantes correspondant aux taches de l\u2019heure<\/strong><\/p>\n<p class=\"c5\">Le Bureau politique a d\u00e9cid\u00e9 d\u2019\u0153uvrer pour encourager toutes les structures partisanes \u00e0 organiser des rencontres internes et externes dans le but de d\u00e9battre des r\u00e9percussions de cette position et des formes et styles militants qu\u2019elle requiert sur diff\u00e9rents fronts soci\u00e9taux, et ce dans la perspective de l\u2019organisation de la session ordinaire du Comit\u00e9 central au cours de la deuxi\u00e8me moiti\u00e9 du mois de novembre prochain.<\/p>\n<p class=\"c5\"><strong>Prend des mesures disciplinaires \u00e0 l\u2019encontre de comportements attentatoires au Parti<\/strong><\/p>\n<p class=\"c5\">Au sujet des comportements scandaleux, \u00e0 travers lesquels un nombre limit\u00e9 de membres du Comit\u00e9 central ont tent\u00e9 d\u2019alt\u00e9rer le bon \u00e9cho produit par la d\u00e9cision du parti, le Bureau politique renouvelle ses excuses publiques, que le Secr\u00e9taire g\u00e9n\u00e9ral avait adress\u00e9es \u00e0 l\u2019opinion publique nationale pour ce qui concerne les actes qui n\u2019ont rien \u00e0 voir avec les valeurs et l\u2019\u00e9thique du Parti du progr\u00e8s et du socialisme. Le Bureau politique a pris \u00e0 ce propos un ensemble de mesures disciplinaires\u00a0 concernant les auteurs de ces actes.<\/p>\n<p class=\"c5\"><strong>Se f\u00e9licite du succ\u00e8s de l\u2019universit\u00e9 annuelle du parti<\/strong><\/p>\n<p class=\"c5\">Poursuivant l\u2019examen du programme d\u2019action du parti, le Bureau politique s\u2019est f\u00e9licit\u00e9 du succ\u00e8s de l\u2019Universit\u00e9 annuelle du parti, organis\u00e9e samedi 5 octobre courant au sujet de \u00abla dimension \u00e9cologique dans le projet d\u00e9mocratique progressiste\u00bb.<\/p>\n<p class=\"c5\"><strong>Se f\u00e9licite du succ\u00e8s \u00e9patent du congres r\u00e9gional du parti dans la r\u00e9gion Souss-Massa<\/strong><\/p>\n<p class=\"c5\">Le Bureau politique s\u2019est ensuite f\u00e9licit\u00e9 du succ\u00e8s \u00e9patent qu\u2019a connu le meeting qu\u2019a pr\u00e9sid\u00e9 le Secr\u00e9taire g\u00e9n\u00e9ral du parti dans la ville d\u2019Agadir, \u00e0 l\u2019ouverture du Congr\u00e8s r\u00e9gional du parti dans la r\u00e9gion Souss-Massa.<\/p>\n<p class=\"c5\">Le Bureau politique a \u00e9galement abord\u00e9 les pr\u00e9paratifs en cours pour l\u2019organisation des autres congr\u00e8s r\u00e9gionaux au cours du mois d\u2019octobre courant et au d\u00e9but du mois de novembre prochain et a pris les mesures n\u00e9cessaires pour l\u2019organisation d\u2019une journ\u00e9e d\u2019\u00e9tudes autour du projet du Code p\u00e9nal, actuellement soumis au Parlement.<\/p>\n<p>Auteur: M&rsquo;hammed rahal<br \/>\n<a href=\"http:\/\/albayane.press.ma\/le-b-p-du-pps-evalue-la-session-extraordinaire-du-c-c-et-les-actions-du-parti.html\">Cliquez ici pour lire l&rsquo;article depuis sa source.<\/a><\/p>\n","protected":false},"excerpt":{"rendered":"<p>Dans sa premi\u00e8re r\u00e9union apr\u00e8s le retrait du gouvernement en cours de formation A l\u2019ouverture des travaux de sa r\u00e9union p\u00e9riodique du mardi 8 octobre 2019, le Bureau politique du Parti du progr\u00e8s et du socialisme a proc\u00e9d\u00e9 \u00e0 l\u2019\u00e9valuation de la r\u00e9union du Comit\u00e9 central en sa session extraordinaire, tenue vendredi 4 octobre courant. [&hellip;]<\/p>\n","protected":false},"author":1760,"featured_media":0,"comment_status":"closed","ping_status":"closed","sticky":false,"template":"","format":"standard","meta":{"fifu_image_url":"","fifu_image_alt":"","footnotes":""},"categories":[73,54],"tags":[],"class_list":["post-63911","post","type-post","status-publish","format-standard","hentry","category-actualite","category-maroc"],"_links":{"self":[{"href":"https:\/\/linitiative.ca\/International\/wp-json\/wp\/v2\/posts\/63911","targetHints":{"allow":["GET"]}}],"collection":[{"href":"https:\/\/linitiative.ca\/International\/wp-json\/wp\/v2\/posts"}],"about":[{"href":"https:\/\/linitiative.ca\/International\/wp-json\/wp\/v2\/types\/post"}],"author":[{"embeddable":true,"href":"https:\/\/linitiative.ca\/International\/wp-json\/wp\/v2\/users\/1760"}],"replies":[{"embeddable":true,"href":"https:\/\/linitiative.ca\/International\/wp-json\/wp\/v2\/comments?post=63911"}],"version-history":[{"count":0,"href":"https:\/\/linitiative.ca\/International\/wp-json\/wp\/v2\/posts\/63911\/revisions"}],"wp:attachment":[{"href":"https:\/\/linitiative.ca\/International\/wp-json\/wp\/v2\/media?parent=63911"}],"wp:term":[{"taxonomy":"category","embeddable":true,"href":"https:\/\/linitiative.ca\/International\/wp-json\/wp\/v2\/categories?post=63911"},{"taxonomy":"post_tag","embeddable":true,"href":"https:\/\/linitiative.ca\/International\/wp-json\/wp\/v2\/tags?post=63911"}],"curies":[{"name":"wp","href":"https:\/\/api.w.org\/{rel}","templated":true}]}}