{"id":63912,"date":"2019-10-10T07:27:49","date_gmt":"2019-10-10T11:27:49","guid":{"rendered":"https:\/\/linitiative.ca\/International\/le-tourisme-rural-dans-le-souss\/"},"modified":"2019-10-10T07:27:49","modified_gmt":"2019-10-10T11:27:49","slug":"le-tourisme-rural-dans-le-souss","status":"publish","type":"post","link":"https:\/\/linitiative.ca\/International\/le-tourisme-rural-dans-le-souss\/","title":{"rendered":"Le tourisme rural dans le Souss!"},"content":{"rendered":"<p class=\"c4\"><span class=\"c3\"><strong><span class=\"c2\">L\u2019<\/span>arri\u00e8re pays dans les banlieues de la capitale du Souss renferme, en leur sein, \u00a0des magnificences \u00e0 tenir en haleine tout visiteur de ces lieux pittoresques. Monts et vals, cascades et vergers, rocailles et plants, une cha\u00eene de joyaux naturels qui enchantent et obnubilent. \u00abVoir Venise et mourir\u00a0!\u00bb, a-t-on l\u2019habitude de s\u2019\u00e9bahir devant les f\u00e9eries de la cit\u00e9 baignante.<\/strong><\/span><\/p>\n<p class=\"c4\">A priorit\u00e9, on est plut\u00f4t tent\u00e9 de parapher cette fameuse citation pour illustrer les sites majestueux d\u2019Imouzzer. En fait, la r\u00e9gion des Ida Outanane, r\u00e9put\u00e9e pour cette gr\u00e2ce naturelle hors pair, fascine et captive de frissons voluptueux, \u00e0 mesure qu\u2019on d\u00e9vale les sentiers sinueux \u00e0 perte de vue.<\/p>\n<p class=\"c4\">Cependant, en d\u00e9pit de certains efforts d\u00e9ploy\u00e9s afin de valoriser ces endroits en constante d\u00e9su\u00e9tude, on est encore loin de les \u00e9riger en r\u00e9el p\u00f4le d\u2019attraction qui drainerait davantage de fans de la nature phosphorescente. De louables tentatives de r\u00e9habilitation ont \u00e9t\u00e9 mises en \u0153uvre, certes, sans toutefois parvenir \u00e0 mettre du baume sur les c\u0153urs. A cet \u00e9gard, on d\u00e9plorera la d\u00e9mission quasi-totale de la commune dont le pr\u00e9sident demeure \u00e0 c\u00f4t\u00e9 de la plaque, durant des d\u00e9cennies, quoiqu\u2019il en rajoute aussi la casquette de d\u00e9put\u00e9. En revanche, on saluera le coup volontariste dont fait preuve certaines structures associative et institutionnelle qui se d\u00e9m\u00e8nent, tant bien que mal, pour donner du tonus \u00e0 ces sites splendides et, partant, impulser le tourisme rural et du bien-\u00eatre dont l\u2019hypnotisme sur l\u2019\u00e9colo se fait, de plus en plus, ressentir.<\/p>\n<p class=\"c4\">A ce propos, on mentionnera le R\u00e9seau de D\u00e9veloppement du Tourisme Rural (RDTR), magistralement pilot\u00e9 par des mordus de cette niche sectorielle, en tant que levier parall\u00e8le cl\u00e9 de la fili\u00e8re baln\u00e9aire, notamment le virevoltant Hassan Aboutayeb, expert chevronn\u00e9 en la mati\u00e8re. De m\u00eame, on ne peut passer non plus, sous silence l\u2019association du Pays d\u2019Accueil Touristique des Ida-Outanane (PATI) qui vient de renouveler ses instances dirigeantes et dont la fondation remonte \u00e0 l\u2019ann\u00e9e 2005.<\/p>\n<p class=\"c4\">On citera \u00e0 son actif nombre de projets de haute importance, en particulier la \u00a0mise en place de nombre de sessions de formation avec les partenaires nationaux et internationaux au profit de ses adh\u00e9rents, la participation \u00e0 des \u00e9v\u00e9nements li\u00e9s au tourisme, l\u2019appui \u00e0 l\u2019am\u00e9nagement du Pays d\u2019Accueil Touristique des Ida-OuTanane (PATI), la construction d\u2019un pont liant la route principale d\u2019Immouzzer des douars Tidili et Tamaroute, la cr\u00e9ation d\u2019un sentier p\u00e9destre reliant le centre d\u2019Immouzzer et les Cascades, l\u2019am\u00e9nagement de la grotte Assif et Lhed en facilitant l\u2019acc\u00e8s \u00e0 cette grotte, l\u2019am\u00e9nagement d\u2019une piste \u00e0 Tizgui Ncherfa ainsi que des campagnes de protection de l\u2019environnement\u2026<\/p>\n<p class=\"c4\">Il est vrai que ce sont-l\u00e0 de petites mais de pertinentes d\u00e9marches pour combler le d\u00e9ficit infrastructurel du site, fond\u00e9 sur l\u2019intervention louable des comp\u00e9tences r\u00e9gionales. Cependant, il serait encore plus judicieux et porteur si l\u2019Etat, par le biais de ses organismes concern\u00e9s se met \u00e0 pied d\u2019\u0153uvre de porter fonci\u00e8rement son appui pour enfanter un v\u00e9ritable point de mire du tourisme rural, en termes de \u00a0grands chantiers de r\u00e9fection, \u00a0d\u2019am\u00e9nagement et d\u2019embellissement de lieux, mais \u00e9galement d\u2019am\u00e9lioration des conditions de vie des populations, pour la plupart, \u00e0 cours de revenus.<\/p>\n<p>Auteur: M&rsquo;hammed rahal<br \/>\n<a href=\"http:\/\/albayane.press.ma\/le-tourisme-rural-dans-le-souss.html\">Cliquez ici pour lire l&rsquo;article depuis sa source.<\/a><\/p>\n","protected":false},"excerpt":{"rendered":"<p>L\u2019arri\u00e8re pays dans les banlieues de la capitale du Souss renferme, en leur sein, \u00a0des magnificences \u00e0 tenir en haleine tout visiteur de ces lieux pittoresques. Monts et vals, cascades et vergers, rocailles et plants, une cha\u00eene de joyaux naturels qui enchantent et obnubilent. \u00abVoir Venise et mourir\u00a0!\u00bb, a-t-on l\u2019habitude de s\u2019\u00e9bahir devant les f\u00e9eries [&hellip;]<\/p>\n","protected":false},"author":1760,"featured_media":0,"comment_status":"closed","ping_status":"closed","sticky":false,"template":"","format":"standard","meta":{"fifu_image_url":"","fifu_image_alt":"","footnotes":""},"categories":[73,54],"tags":[],"class_list":["post-63912","post","type-post","status-publish","format-standard","hentry","category-actualite","category-maroc"],"_links":{"self":[{"href":"https:\/\/linitiative.ca\/International\/wp-json\/wp\/v2\/posts\/63912","targetHints":{"allow":["GET"]}}],"collection":[{"href":"https:\/\/linitiative.ca\/International\/wp-json\/wp\/v2\/posts"}],"about":[{"href":"https:\/\/linitiative.ca\/International\/wp-json\/wp\/v2\/types\/post"}],"author":[{"embeddable":true,"href":"https:\/\/linitiative.ca\/International\/wp-json\/wp\/v2\/users\/1760"}],"replies":[{"embeddable":true,"href":"https:\/\/linitiative.ca\/International\/wp-json\/wp\/v2\/comments?post=63912"}],"version-history":[{"count":0,"href":"https:\/\/linitiative.ca\/International\/wp-json\/wp\/v2\/posts\/63912\/revisions"}],"wp:attachment":[{"href":"https:\/\/linitiative.ca\/International\/wp-json\/wp\/v2\/media?parent=63912"}],"wp:term":[{"taxonomy":"category","embeddable":true,"href":"https:\/\/linitiative.ca\/International\/wp-json\/wp\/v2\/categories?post=63912"},{"taxonomy":"post_tag","embeddable":true,"href":"https:\/\/linitiative.ca\/International\/wp-json\/wp\/v2\/tags?post=63912"}],"curies":[{"name":"wp","href":"https:\/\/api.w.org\/{rel}","templated":true}]}}