{"id":63920,"date":"2019-10-10T13:04:09","date_gmt":"2019-10-10T17:04:09","guid":{"rendered":"https:\/\/linitiative.ca\/International\/la-formation-dune-releve-pour-une-meilleure-sauvegarde-de-la-chanson-du-terroir\/"},"modified":"2019-10-10T13:04:09","modified_gmt":"2019-10-10T17:04:09","slug":"la-formation-dune-releve-pour-une-meilleure-sauvegarde-de-la-chanson-du-terroir","status":"publish","type":"post","link":"https:\/\/linitiative.ca\/International\/la-formation-dune-releve-pour-une-meilleure-sauvegarde-de-la-chanson-du-terroir\/","title":{"rendered":"La formation d\u2019une rel\u00e8ve pour une meilleure sauvegarde de la chanson du terroir"},"content":{"rendered":"<div readability=\"35\">\n<p><strong>OUARGLA\u2013 La formation des jeunes talents rev\u00eat une importance pour l\u2019\u00e9mergence d\u2019une v\u00e9ritable rel\u00e8ve dans le domaine de la musique et de la chanson du terroir dit \u00ab\u00a0Mahali\u00a0\u00bb (local) de la r\u00e9gion d\u2019Ouargla, estiment des artistes locaux.<\/strong><\/p>\n<\/div>\n<div readability=\"119\">\n<p>L\u2019encadrement p\u00e9dagogique sp\u00e9cialis\u00e9 des jeunes talentueux dans le domaine de la musique et de la chanson locales contribuera \u00e0 sauvegarder ce patrimoine artistique, en lui donnant une autre dimension, a-t-on soulign\u00e9 en marge de la 1\u00e8re \u00e9dition des journ\u00e9es du folklore, de la chanson locale et du chant b\u00e9douin, qui vient de prendre fin \u00e0 la Maison de Culture Moufdi Zakaria.<\/p>\n<blockquote readability=\"11\">\n<p><em><strong>\u00ab\u00a0Il faut bien r\u00e9fl\u00e9chir aujourd\u2019hui \u00e0 la cr\u00e9ation d\u2019un conservatoire de musique \u00e0 Ouargla d\u00e9di\u00e9 \u00e0 la formation des jeunes artistes-musiciens et instrumentistes de cette r\u00e9gion du pays, leur permettant de reprendre le flambeau et de poursuivre le parcours des pionniers de cet art ancestral modernis\u00e9\u00a0\u00bb, a affirm\u00e9 Isma\u00efl Benazouz, enseignant de musique et animateur radio et t\u00e9l\u00e9vision.<\/strong><\/em><\/p>\n<\/blockquote>\n<p>La d\u00e9marche permettra aussi d&rsquo;am\u00e9liorer la qualit\u00e9 du produit artistique destin\u00e9 au grand public, a-t-il poursuivi.<\/p>\n<p>Interrog\u00e9 sur l\u2019avenir de la chanson locale, Ilyes El-Idrissi, chanteur et enseignant de musique, soutient que la nouvelle g\u00e9n\u00e9ration est \u00ab\u00a0appel\u00e9e \u00e0 redonner un nouvel essor \u00e0 cet art, en garantissant la continuit\u00e9\u00a0\u00bb, ajoutant que l\u2019organisation de telles manifestations culturelles et artistiques contribuera \u00e0 la promotion de la chanson locale, sans oublier, dans ce sens, le r\u00f4le pivot attendu des medias, surtout la radio locale.<\/p>\n<p>Pour sa part, Lahcen Zergoune, une vedette de la chanson Ouarglie, a mis l\u2019accent sur la n\u00e9cessit\u00e9 de former les jeunes pour pouvoir avancer dans l\u2019am\u00e9lioration de ce genre musical typique des r\u00e9gions de Oued-Mya et Oued-Righ, en cr\u00e9ant une liaison entre l\u2019authenticit\u00e9 et la modernit\u00e9.<\/p>\n<p>Plus appr\u00e9ci\u00e9 dans les f\u00eates familiales, la chanson \u00ab\u00a0Mahali Tarabi\u00a0\u00bb poss\u00e8de un large public non seulement dans la wilaya d\u2019Ouargla mais aussi dans d\u2019autres wilayas et m\u00eame dans les pays voisins, indique M. Zergoune, ajoutant, \u00e0 ce propos, que les chansons diffus\u00e9es sur les r\u00e9seaux sociaux enregistrent un nombre important de vues.<\/p>\n<p>Ce genre de chanson est caract\u00e9ris\u00e9 par ses m\u00e9lodies qui utilisent une gamme sp\u00e9cifique, notamment le maqam arabe \u00ab\u00a0El-Hijaz\u00a0\u00bb et autres, selon Mohamed Abaz, chanteur sp\u00e9cialis\u00e9 dans la chanson locale berb\u00e8re, qui a aussi \u00e9voqu\u00e9 le c\u00f4t\u00e9 \u00e9ducatif de la chanson ouarglie, en donnant un message saint, positif et noble aux auditeurs.<\/p>\n<p>Dans le m\u00eame contexte, Ali Bechneb, po\u00e8te, musicien et chanteur, a mis en relief l\u2019impact des belles paroles dans la transmission de certains conseils \u00e0 caract\u00e8re social et \u00e9ducatif, en rapport \u00e0 la vie quotidienne et l\u2019amour du pays.<\/p>\n<p>Malgr\u00e9 la pr\u00e9sence timide du public, le charme de cette musique populaire a op\u00e9r\u00e9, gr\u00e2ce aux vedettes de la chanson Ouarglie qui ont r\u00e9ussi lors de cette manifestation culturelle, qui a fait aussi une escale \u00e0 Touggourt et El-Hadjira, \u00e0 cr\u00e9er une ambiance conviviale, a affirm\u00e9 le commissaire du festival et directeur de la Maison de Culture Moufidi-Zakaria, Sa\u00efd Ouahbi Madani.<\/p>\n<p>La 1\u00e8re \u00e9dition des journ\u00e9es du folklore, de la chanson locale et du chant b\u00e9douin, \u00e0 laquelle ont pris part la semaine derni\u00e8re, de nombreux artistes venus des quatre coins de la wilaya, a \u00e9t\u00e9 une occasion pour donner un nouveau souffle \u00e0 cet art lyrique et musical, a-t-il conclu.<\/p>\n<\/div>\n<p>Auteur:<br \/>\n<a href=\"http:\/\/www.aps.dz\/culture\/95484-la-formation-d-une-releve-pour-une-meilleure-sauvegarde-de-la-chanson-du-terroir\">Cliquez ici pour lire l&rsquo;article depuis sa source.<\/a><\/p>\n","protected":false},"excerpt":{"rendered":"<p>OUARGLA\u2013 La formation des jeunes talents rev\u00eat une importance pour l\u2019\u00e9mergence d\u2019une v\u00e9ritable rel\u00e8ve dans le domaine de la musique et de la chanson du terroir dit \u00ab\u00a0Mahali\u00a0\u00bb (local) de la r\u00e9gion d\u2019Ouargla, estiment des artistes locaux. L\u2019encadrement p\u00e9dagogique sp\u00e9cialis\u00e9 des jeunes talentueux dans le domaine de la musique et de la chanson locales contribuera [&hellip;]<\/p>\n","protected":false},"author":1790,"featured_media":0,"comment_status":"closed","ping_status":"closed","sticky":false,"template":"","format":"standard","meta":{"fifu_image_url":"","fifu_image_alt":"","footnotes":""},"categories":[53,79],"tags":[],"class_list":["post-63920","post","type-post","status-publish","format-standard","hentry","category-algerie","category-culture"],"_links":{"self":[{"href":"https:\/\/linitiative.ca\/International\/wp-json\/wp\/v2\/posts\/63920","targetHints":{"allow":["GET"]}}],"collection":[{"href":"https:\/\/linitiative.ca\/International\/wp-json\/wp\/v2\/posts"}],"about":[{"href":"https:\/\/linitiative.ca\/International\/wp-json\/wp\/v2\/types\/post"}],"author":[{"embeddable":true,"href":"https:\/\/linitiative.ca\/International\/wp-json\/wp\/v2\/users\/1790"}],"replies":[{"embeddable":true,"href":"https:\/\/linitiative.ca\/International\/wp-json\/wp\/v2\/comments?post=63920"}],"version-history":[{"count":0,"href":"https:\/\/linitiative.ca\/International\/wp-json\/wp\/v2\/posts\/63920\/revisions"}],"wp:attachment":[{"href":"https:\/\/linitiative.ca\/International\/wp-json\/wp\/v2\/media?parent=63920"}],"wp:term":[{"taxonomy":"category","embeddable":true,"href":"https:\/\/linitiative.ca\/International\/wp-json\/wp\/v2\/categories?post=63920"},{"taxonomy":"post_tag","embeddable":true,"href":"https:\/\/linitiative.ca\/International\/wp-json\/wp\/v2\/tags?post=63920"}],"curies":[{"name":"wp","href":"https:\/\/api.w.org\/{rel}","templated":true}]}}