{"id":63921,"date":"2019-10-10T13:04:12","date_gmt":"2019-10-10T17:04:12","guid":{"rendered":"https:\/\/linitiative.ca\/International\/11e-festival-de-musique-symphonique-une-ambition-toujours-affirmee\/"},"modified":"2019-10-10T13:04:12","modified_gmt":"2019-10-10T17:04:12","slug":"11e-festival-de-musique-symphonique-une-ambition-toujours-affirmee","status":"publish","type":"post","link":"https:\/\/linitiative.ca\/International\/11e-festival-de-musique-symphonique-une-ambition-toujours-affirmee\/","title":{"rendered":"11e Festival de musique symphonique: une ambition toujours affirm\u00e9e"},"content":{"rendered":"<div readability=\"37\">\n<p><strong>ALGER- Le Festival culturel international de musique symphonique (Fcims) revient dans sa 11\u00e8me \u00e9dition en poursuivant le m\u00eame objectif de perp\u00e9tuer les \u00e9changes avec les \u00ab\u00a0grandes nations\u00a0\u00bb de la musique classique et ouvrir le champs culturel alg\u00e9rien sur l&rsquo;universalit\u00e9 pour familiariser davantage le public alg\u00e9rien, plus nombreux chaque ann\u00e9e, avec cette musique savante.\u00a0<\/strong><\/p>\n<\/div>\n<div readability=\"116\">\n<p>Pr\u00e9vu du 12 au 17 octobre \u00e0 l&rsquo;Op\u00e9ra d&rsquo;Alger, ce festival, un des plus attendus de la sc\u00e8ne artistique, a gagn\u00e9 en popularit\u00e9 jusqu&rsquo;\u00e0 pouvoir attirer pr\u00e8s de \u00ab\u00a0dix mille spectateurs\u00a0\u00bb ces deni\u00e8res ann\u00e9es, selon les organisateurs.<\/p>\n<p>Gr\u00e2ce aux \u00e9changes culturels avec des pays o\u00f9 la musique symphonique rel\u00e8ve de la tradition, cet \u00e9v\u00e8nement a pu rassembler, sur l&rsquo;ensemble des \u00e9ditions, une cinquantaine de pays, parmi eux ceux qui ont fait le choix de d\u00e9localiser les concerts hors d&rsquo;Alger, confirmant \u00e0 chaque fois l&rsquo;int\u00e9r\u00eat du public.\u00a0<\/p>\n<p>L&rsquo;Ukraine, l&rsquo;Italie, la Tch\u00e9quie ou la Chine, entre autres pays plusieurs fois invit\u00e9s \u00e0 ce festival, tiennent \u00e0 accompagner cet \u00e9v\u00e8nement en \u00e9tant pr\u00e9sents, dans d&rsquo;autres villes d&rsquo;Alg\u00e9rie, durant le festival mais aussi \u00e0 travers la programmation de concerts consacr\u00e9s \u00e0 de grands compositeurs, au grand bonheur du public alg\u00e9rien.\u00a0\u00a0\u00a0\u00a0\u00a0\u00a0\u00a0\u00a0\u00a0\u00a0\u00a0\u00a0<\/p>\n<p>L&rsquo;orchestre de l&rsquo;Op\u00e9ra d&rsquo;Alger, qui compte actuellement une soixantaine de musiciens tri\u00e9s sur le volet, sera dirig\u00e9 par le jeune Lotfi Sa\u00efdi qui a particip\u00e9 au Festival depuis sa cr\u00e9ation comme musicien-violoniste.\u00a0\u00a0\u00a0\u00a0<\/p>\n<p>Le festival de musique symphonique, institu\u00e9 en 2009 apr\u00e8s le lancement, en 1992, de l&rsquo;Orchestre symphonique national (Osn) sous l&rsquo;impulsion du regrett\u00e9 maestro Abdelwahab Salim (1931-1999), est pass\u00e9 sous la baguette de Amine Kouider de 2001 \u00e0 2008, puis de 2014 \u00e0 2019. Depuis 2016\u00a0 l&rsquo;Orchestre de l&rsquo;Op\u00e9ra d&rsquo;Alger s&rsquo;est substitu\u00e9 \u00e0 l&rsquo;Osn.\u00a0\u00a0\u00a0\u00a0\u00a0\u00a0\u00a0\u00a0\u00a0\u00a0\u00a0\u00a0\u00a0\u00a0\u00a0\u00a0\u00a0\u00a0\u00a0\u00a0<\/p>\n<p><span class=\"c30\"><strong>\u00ab\u00a0Assurer la p\u00e9rennit\u00e9 de l&rsquo;Orchestre de l&rsquo;Op\u00e9ra d&rsquo;Alger\u00a0\u00bb<\/strong><\/span><\/p>\n<p>\u00ab\u00a0Diffuser la musique universelle \u00e0 travers l&rsquo;Alg\u00e9rie et promouvoir le patrimoine musical national\u00a0\u00bb, sont parmi les objectifs du Festival de musique symphonique dont l&rsquo;esprit continue d&rsquo;\u00eatre pr\u00e9sent \u00e0 travers les prestations, dans l&rsquo;intervalle de deux \u00e9ditions, de l&rsquo;Orchestre de l&rsquo;Op\u00e9ra d&rsquo;Alger.<\/p>\n<p>A travers la multiplication des tourn\u00e9es en Alg\u00e9rie, l&rsquo;Orchestre de l&rsquo;Op\u00e9ra d&rsquo;Alger sous la direction de Amine Kouider, s&rsquo;est investi dans un programme visant \u00e0 la vulgarisation de la musique classique pour mieux la fixer dans le paysage culturel alg\u00e9rien.<\/p>\n<p>La programmation des concerts p\u00e9dagogiques destin\u00e9s aux enfants ob\u00e9it au m\u00eame souci: le genre classique est d\u00e9cortiqu\u00e9 jusqu&rsquo;aux origines des instruments pour permettre une meilleure adaptation au registre de cette musique savante, r\u00e9put\u00e9e difficile d&rsquo;acc\u00e8s aux profanes,<\/p>\n<p>La cr\u00e9ation en 2017, de l&rsquo;Orchestre de jeunes de l&rsquo;Op\u00e9ra d&rsquo;Alger avec sa trentaine d&rsquo;instrumentistes issus des diff\u00e9rents instituts r\u00e9gionaux de musique, que le regrett\u00e9 Rachid Saouli\u00a0 avait regroup\u00e9s, viendra conforter l&rsquo;option prise sur l&rsquo;ouverture sur l&rsquo;universalit\u00e9.<\/p>\n<p>Avec une moyenne d&rsquo;\u00e2ge de 20 ans, sa raison d&rsquo;\u00eatre est d&rsquo; \u00ab\u00a0assurer la p\u00e9rennit\u00e9 de l&rsquo;Orchestre de l&rsquo;Op\u00e9ra d&rsquo;Alger\u00a0\u00bb, avant de pouvoir \u00ab\u00a0doter chaque grande ville d&rsquo;Alg\u00e9rie de son propre orchestre symphonique\u00a0\u00bb, autre objectif que poursuit le festival, selon les organisateurs.<\/p>\n<\/div>\n<p>Auteur:<br \/>\n<a href=\"http:\/\/www.aps.dz\/culture\/95488-11eme-festival-de-musique-symphonique-une-ambition-toujours-affirmee\">Cliquez ici pour lire l&rsquo;article depuis sa source.<\/a><\/p>\n","protected":false},"excerpt":{"rendered":"<p>ALGER- Le Festival culturel international de musique symphonique (Fcims) revient dans sa 11\u00e8me \u00e9dition en poursuivant le m\u00eame objectif de perp\u00e9tuer les \u00e9changes avec les \u00ab\u00a0grandes nations\u00a0\u00bb de la musique classique et ouvrir le champs culturel alg\u00e9rien sur l&rsquo;universalit\u00e9 pour familiariser davantage le public alg\u00e9rien, plus nombreux chaque ann\u00e9e, avec cette musique savante.\u00a0 Pr\u00e9vu du [&hellip;]<\/p>\n","protected":false},"author":1790,"featured_media":0,"comment_status":"closed","ping_status":"closed","sticky":false,"template":"","format":"standard","meta":{"fifu_image_url":"","fifu_image_alt":"","footnotes":""},"categories":[53,79],"tags":[],"class_list":["post-63921","post","type-post","status-publish","format-standard","hentry","category-algerie","category-culture"],"_links":{"self":[{"href":"https:\/\/linitiative.ca\/International\/wp-json\/wp\/v2\/posts\/63921","targetHints":{"allow":["GET"]}}],"collection":[{"href":"https:\/\/linitiative.ca\/International\/wp-json\/wp\/v2\/posts"}],"about":[{"href":"https:\/\/linitiative.ca\/International\/wp-json\/wp\/v2\/types\/post"}],"author":[{"embeddable":true,"href":"https:\/\/linitiative.ca\/International\/wp-json\/wp\/v2\/users\/1790"}],"replies":[{"embeddable":true,"href":"https:\/\/linitiative.ca\/International\/wp-json\/wp\/v2\/comments?post=63921"}],"version-history":[{"count":0,"href":"https:\/\/linitiative.ca\/International\/wp-json\/wp\/v2\/posts\/63921\/revisions"}],"wp:attachment":[{"href":"https:\/\/linitiative.ca\/International\/wp-json\/wp\/v2\/media?parent=63921"}],"wp:term":[{"taxonomy":"category","embeddable":true,"href":"https:\/\/linitiative.ca\/International\/wp-json\/wp\/v2\/categories?post=63921"},{"taxonomy":"post_tag","embeddable":true,"href":"https:\/\/linitiative.ca\/International\/wp-json\/wp\/v2\/tags?post=63921"}],"curies":[{"name":"wp","href":"https:\/\/api.w.org\/{rel}","templated":true}]}}