{"id":63924,"date":"2019-10-10T06:00:00","date_gmt":"2019-10-10T10:00:00","guid":{"rendered":"https:\/\/linitiative.ca\/International\/un-veritable-test-pour-les-habituels-remplacants\/"},"modified":"2019-10-10T06:00:00","modified_gmt":"2019-10-10T10:00:00","slug":"un-veritable-test-pour-les-habituels-remplacants","status":"publish","type":"post","link":"https:\/\/linitiative.ca\/International\/un-veritable-test-pour-les-habituels-remplacants\/","title":{"rendered":"Un v\u00e9ritable test pour les habituels rempla\u00e7ants"},"content":{"rendered":"<div id=\"originalText\" readability=\"101\">\n<p><strong>Le s\u00e9lectionneur national esp\u00e8re tirer profit de ce rendez-vous afin d\u2019\u00e9valuer certains joueurs, notamment les habituels rempla\u00e7ants et les nouveaux venus.\u00a0<\/strong><\/p>\n<p>Les Verts disputeront aujourd\u2019hui leur premi\u00e8re joute amicale, pr\u00e9vue ce soir au stade Mustapha-Tchaker de Blida, face au Congo. Une rencontre, certes, amicale mais importante aux yeux de l\u2019entra\u00eeneur national Djamel Belmadi, dans la mesure o\u00f9 il esp\u00e8re tirer profit de ce rendez-vous afin d\u2019\u00e9valuer certains joueurs, notamment les nouveaux, en pr\u00e9vision des \u00e9liminatoires de la CAN 2021.\u00a0En effet, Djamel Belmadi a affirm\u00e9 lors de sa sortie m\u00e9diatique vouloir \u201cvoir \u00e0 l\u2019\u0153uvre des joueurs afin d\u2019\u00e9valuer leur rendement.<\/p>\n<p>J\u2019aurais aim\u00e9 b\u00e9n\u00e9ficier de l\u2019ensemble de l\u2019effectif. En vain. Delort aurait pu jouer titulaire n\u2019\u00e9tait sa blessure\u201d, a-t-il affirm\u00e9. C\u2019est dire que les joueurs rempla\u00e7ants et les nouveaux venus seront appel\u00e9s \u00e0 prendre une place de titulaire ce soir, \u00e0 l\u2019image de Abdellaoui, Chetti, Berrahma, Hassani pour ne citer que ceux-l\u00e0.<\/p>\n<p>Ces joueurs seront bien \u00e9videmment \u00e9paul\u00e9s par certains titulaires les mieux en forme, mais cela ne voudra pas dire que Belmadi composera avec son habituel onze, sachant qu\u2019un important rendez-vous avec la Colombie pointe d\u00e9j\u00e0 \u00e0 l\u2019horizon. C\u2019est dire que Belmadi veut pr\u00e9server les Mahrez, Atal et consorts pour la grande explication face \u00e0 la Colombie.\u00a0<\/p>\n<p>Ces internationaux sont soumis d\u00e9j\u00e0 \u00e0 un rythme \u00e9lev\u00e9 avec la succession des matches avec leurs clubs respectifs. Raison pour laquelle Belmadi pourrait m\u00e9nager certains afin de les pr\u00e9server pour la seconde rencontre amicale devant la Colombie. De leur c\u00f4t\u00e9, les joueurs se pr\u00e9parent activement pour la rencontre de ce soir et sont d\u00e9cid\u00e9s plus que jamais \u00e0 rester sur la dynamique des victoires, comme l\u2019a d\u00e9clar\u00e9 Ayoub Abdellaoui.<\/p>\n<p>\u201cLes deux matches sont importants. Cela va nous permettre de pr\u00e9parer les \u00e9liminatoires de la CAN. Nous allons faire notre possible pour gagner face au Congo. Apr\u00e8s on pensera \u00e0 la Colombie\u201d, a-t-il d\u00e9clar\u00e9 en zone mixte. \u201cL\u2019histoire de ma maladie fait partie d\u00e9sormais du pass\u00e9. J\u2019ai repris le travail depuis bien longtemps. Je me sens apte \u00e0 jouer et \u00e0 me donner \u00e0 fond en s\u00e9lection\u201d, a encha\u00een\u00e9 l\u2019ex-joueur de l\u2019USMA.\u00a0<\/p>\n<p>Concernant le poste auquel le joueur voudra \u00e9voluer en s\u00e9lection, Abdellaoui a montr\u00e9 sa polyvalence. \u201cPeu importe. Je peux jouer comme lat\u00e9ral ou bien dans l\u2019axe. L\u2019important est d\u2019\u00eatre bien sur le terrain.\u201d Le joueur en question, qui se dit pr\u00eat \u00e0 jouer, n\u2019a pas omis de rendre hommage \u00e0 Halliche. \u201cC\u2019est un grand joueur, il a beaucoup apport\u00e9 \u00e0 la s\u00e9lection. J\u2019aspire remplacer Halliche en s\u00e9lection\u201d, fait-il savoir.<\/p>\n<p>De son c\u00f4t\u00e9, le d\u00e9fenseur axial Tahrat estime que ce sera \u201cdeux matchs avec des styles diff\u00e9rents, mais tout aussi importants afin de se pr\u00e9parer et travailler pour les prochaines rencontres\u201d, a indiqu\u00e9 le d\u00e9fenseur central qui, lui aussi, n\u2019a pas manqu\u00e9 de \u201cf\u00e9liciter Halliche pour sa grande carri\u00e8re en s\u00e9lection\u201d tout en indiquant que \u201cles conditions seront diff\u00e9rentes face \u00e0 la Colombie et que ce sera un match important qui permettra aux Alg\u00e9riens de France de venir en masse nous encourager\u201d, fait-il savoir.\u00a0Il est utile de rappeler que la rencontre Alg\u00e9rie-Colombie sera offici\u00e9e par un trio d\u2019arbitres fran\u00e7ais compos\u00e9 de Ruddy Buquet, assist\u00e9 par Guillaume Debart et Julien Pacelli.<br \/>\u00a0<\/p>\n<p class=\"c10\"><strong>Nazim T.<\/strong><\/p>\n<\/div>\n<div id=\"text_core\" readability=\"101\">\n<p><strong>Le s\u00e9lectionneur national esp\u00e8re tirer profit de ce rendez-vous afin d\u2019\u00e9valuer certains joueurs, notamment les habituels rempla\u00e7ants et les nouveaux venus.\u00a0<\/strong><\/p>\n<p>Les Verts disputeront aujourd\u2019hui leur premi\u00e8re joute amicale, pr\u00e9vue ce soir au stade Mustapha-Tchaker de Blida, face au Congo. Une rencontre, certes, amicale mais importante aux yeux de l\u2019entra\u00eeneur national Djamel Belmadi, dans la mesure o\u00f9 il esp\u00e8re tirer profit de ce rendez-vous afin d\u2019\u00e9valuer certains joueurs, notamment les nouveaux, en pr\u00e9vision des \u00e9liminatoires de la CAN 2021.\u00a0En effet, Djamel Belmadi a affirm\u00e9 lors de sa sortie m\u00e9diatique vouloir \u201cvoir \u00e0 l\u2019\u0153uvre des joueurs afin d\u2019\u00e9valuer leur rendement.<\/p>\n<p>J\u2019aurais aim\u00e9 b\u00e9n\u00e9ficier de l\u2019ensemble de l\u2019effectif. En vain. Delort aurait pu jouer titulaire n\u2019\u00e9tait sa blessure\u201d, a-t-il affirm\u00e9. C\u2019est dire que les joueurs rempla\u00e7ants et les nouveaux venus seront appel\u00e9s \u00e0 prendre une place de titulaire ce soir, \u00e0 l\u2019image de Abdellaoui, Chetti, Berrahma, Hassani pour ne citer que ceux-l\u00e0.<\/p>\n<p>Ces joueurs seront bien \u00e9videmment \u00e9paul\u00e9s par certains titulaires les mieux en forme, mais cela ne voudra pas dire que Belmadi composera avec son habituel onze, sachant qu\u2019un important rendez-vous avec la Colombie pointe d\u00e9j\u00e0 \u00e0 l\u2019horizon. C\u2019est dire que Belmadi veut pr\u00e9server les Mahrez, Atal et consorts pour la grande explication face \u00e0 la Colombie.\u00a0<\/p>\n<p>Ces internationaux sont soumis d\u00e9j\u00e0 \u00e0 un rythme \u00e9lev\u00e9 avec la succession des matches avec leurs clubs respectifs. Raison pour laquelle Belmadi pourrait m\u00e9nager certains afin de les pr\u00e9server pour la seconde rencontre amicale devant la Colombie. De leur c\u00f4t\u00e9, les joueurs se pr\u00e9parent activement pour la rencontre de ce soir et sont d\u00e9cid\u00e9s plus que jamais \u00e0 rester sur la dynamique des victoires, comme l\u2019a d\u00e9clar\u00e9 Ayoub Abdellaoui.<\/p>\n<p>\u201cLes deux matches sont importants. Cela va nous permettre de pr\u00e9parer les \u00e9liminatoires de la CAN. Nous allons faire notre possible pour gagner face au Congo. Apr\u00e8s on pensera \u00e0 la Colombie\u201d, a-t-il d\u00e9clar\u00e9 en zone mixte. \u201cL\u2019histoire de ma maladie fait partie d\u00e9sormais du pass\u00e9. J\u2019ai repris le travail depuis bien longtemps. Je me sens apte \u00e0 jouer et \u00e0 me donner \u00e0 fond en s\u00e9lection\u201d, a encha\u00een\u00e9 l\u2019ex-joueur de l\u2019USMA.\u00a0<\/p>\n<p>Concernant le poste auquel le joueur voudra \u00e9voluer en s\u00e9lection, Abdellaoui a montr\u00e9 sa polyvalence. \u201cPeu importe. Je peux jouer comme lat\u00e9ral ou bien dans l\u2019axe. L\u2019important est d\u2019\u00eatre bien sur le terrain.\u201d Le joueur en question, qui se dit pr\u00eat \u00e0 jouer, n\u2019a pas omis de rendre hommage \u00e0 Halliche. \u201cC\u2019est un grand joueur, il a beaucoup apport\u00e9 \u00e0 la s\u00e9lection. J\u2019aspire remplacer Halliche en s\u00e9lection\u201d, fait-il savoir.<\/p>\n<p>De son c\u00f4t\u00e9, le d\u00e9fenseur axial Tahrat estime que ce sera \u201cdeux matchs avec des styles diff\u00e9rents, mais tout aussi importants afin de se pr\u00e9parer et travailler pour les prochaines rencontres\u201d, a indiqu\u00e9 le d\u00e9fenseur central qui, lui aussi, n\u2019a pas manqu\u00e9 de \u201cf\u00e9liciter Halliche pour sa grande carri\u00e8re en s\u00e9lection\u201d tout en indiquant que \u201cles conditions seront diff\u00e9rentes face \u00e0 la Colombie et que ce sera un match important qui permettra aux Alg\u00e9riens de France de venir en masse nous encourager\u201d, fait-il savoir.\u00a0Il est utile de rappeler que la rencontre Alg\u00e9rie-Colombie sera offici\u00e9e par un trio d\u2019arbitres fran\u00e7ais compos\u00e9 de Ruddy Buquet, assist\u00e9 par Guillaume Debart et Julien Pacelli.<br \/>\u00a0<\/p>\n<p class=\"c10\"><strong>Nazim T.<\/strong><\/p>\n<\/div>\n<p>Auteur:<br \/>\n<a href=\"https:\/\/www.liberte-algerie.com\/sports\/un-veritable-test-pour-les-habituels-remplacants-325673\">Cliquez ici pour lire l&rsquo;article depuis sa source.<\/a><\/p>\n","protected":false},"excerpt":{"rendered":"<p>Le s\u00e9lectionneur national esp\u00e8re tirer profit de ce rendez-vous afin d\u2019\u00e9valuer certains joueurs, notamment les habituels rempla\u00e7ants et les nouveaux venus.\u00a0 Les Verts disputeront aujourd\u2019hui leur premi\u00e8re joute amicale, pr\u00e9vue ce soir au stade Mustapha-Tchaker de Blida, face au Congo. Une rencontre, certes, amicale mais importante aux yeux de l\u2019entra\u00eeneur national Djamel Belmadi, dans la [&hellip;]<\/p>\n","protected":false},"author":1742,"featured_media":0,"comment_status":"closed","ping_status":"closed","sticky":false,"template":"","format":"standard","meta":{"fifu_image_url":"","fifu_image_alt":"","footnotes":""},"categories":[73,53],"tags":[],"class_list":["post-63924","post","type-post","status-publish","format-standard","hentry","category-actualite","category-algerie"],"_links":{"self":[{"href":"https:\/\/linitiative.ca\/International\/wp-json\/wp\/v2\/posts\/63924","targetHints":{"allow":["GET"]}}],"collection":[{"href":"https:\/\/linitiative.ca\/International\/wp-json\/wp\/v2\/posts"}],"about":[{"href":"https:\/\/linitiative.ca\/International\/wp-json\/wp\/v2\/types\/post"}],"author":[{"embeddable":true,"href":"https:\/\/linitiative.ca\/International\/wp-json\/wp\/v2\/users\/1742"}],"replies":[{"embeddable":true,"href":"https:\/\/linitiative.ca\/International\/wp-json\/wp\/v2\/comments?post=63924"}],"version-history":[{"count":0,"href":"https:\/\/linitiative.ca\/International\/wp-json\/wp\/v2\/posts\/63924\/revisions"}],"wp:attachment":[{"href":"https:\/\/linitiative.ca\/International\/wp-json\/wp\/v2\/media?parent=63924"}],"wp:term":[{"taxonomy":"category","embeddable":true,"href":"https:\/\/linitiative.ca\/International\/wp-json\/wp\/v2\/categories?post=63924"},{"taxonomy":"post_tag","embeddable":true,"href":"https:\/\/linitiative.ca\/International\/wp-json\/wp\/v2\/tags?post=63924"}],"curies":[{"name":"wp","href":"https:\/\/api.w.org\/{rel}","templated":true}]}}