{"id":63926,"date":"2019-10-10T06:00:00","date_gmt":"2019-10-10T10:00:00","guid":{"rendered":"https:\/\/linitiative.ca\/International\/queiroz-explique-labsence-de-james-et-falcao\/"},"modified":"2019-10-10T06:00:00","modified_gmt":"2019-10-10T10:00:00","slug":"queiroz-explique-labsence-de-james-et-falcao","status":"publish","type":"post","link":"https:\/\/linitiative.ca\/International\/queiroz-explique-labsence-de-james-et-falcao\/","title":{"rendered":"Queiroz explique l\u2019absence de James et Falcao"},"content":{"rendered":"<div id=\"originalText\" readability=\"71\">\n<p>L\u2019entra\u00eeneur de l\u2019\u00e9quipe de la Colombie, Carlos Queiroz, prochain adversaire des Verts, mardi prochain \u00e0 Lille, s\u2019est exprim\u00e9 sur l\u2019absence de ses deux joueurs-cl\u00e9s, \u00e0 savoir James Rodriguez (Real Madrid) et Radamel Falcao (Galatasaray) pour le rassemblement du mois d\u2019octobre.\u201cNous sommes \u00e0 un moment difficile des championnats europ\u00e9ens avec beaucoup de matchs et beaucoup de voyages, il faut savoir bien g\u00e9rer les joueurs si on veut avoir une bonne \u00e9quipe\u201d, a justifi\u00e9 mardi le s\u00e9lectionneur de la Colombie, Carlos Queiroz.<\/p>\n<p>\u201cJ&rsquo;ai vu que quelqu&rsquo;un a dit que James avait demand\u00e9 \u00e0 ne pas \u00eatre appel\u00e9, ce n&rsquo;est pas vrai. Il ne m&rsquo;est jamais arriv\u00e9 dans ma vie qu&rsquo;un joueur me demande cela\u201d, a \u00e9vacu\u00e9 Queiroz \u00e0 propos de son n\u00b010 qui peine \u00e0 s&rsquo;imposer pour son retour au Real Madrid cette saison. En ce qui concerne Falcao \u201cthe tiger\u201d, l\u2019ex-adjoint d\u2019Alex Fergusson \u00e0 Manchester United a expliqu\u00e9 que \u201cdepuis sa grave blessure au genou gauche en 2014, Radamel avait manqu\u00e9 45% des convocations en \u00e9quipe nationale, principalement pour cause de blessure\u201d.<\/p>\n<p>Notons que les deux stars de la s\u00e9lection colombienne Radamel Falcao et James Rodriguez n&rsquo;ont pas \u00e9t\u00e9 convoqu\u00e9es pour les matches amicaux des Cafeteros contre le Chili samedi et surtout contre l&rsquo;Alg\u00e9rie \u00e0 Lille mardi, alors qu\u2019au d\u00e9but il \u00e9tait question, selon la presse colombienne, de faire appel \u00e0 tous les cadres lors de la semaine FIFA du mois d\u2019octobre, dans la mesure o\u00f9 le s\u00e9lectionneur de la Colombie n\u2019a pas rappel\u00e9 ses \u201cstars\u201d \u00e9voluant en Europe, face respectivement au Br\u00e9sil et\u00a0 au Venezuela le mois pass\u00e9.<\/p>\n<p>Pour rappel, les Colombiens affronteront les champions d\u2019Afrique, mardi 15 octobre \u00e0 20h, au stade Pierre-Mauroy de Lille, en France. Les hommes de Queiroz disputeront trois jours plus t\u00f4t un match amical face au Chili \u00e0 Alicante en\u00a0<br \/>Espagne.<br \/>\u00a0<\/p>\n<p class=\"c10\"><strong>Sofiane M.<\/strong><\/p>\n<\/div>\n<div id=\"text_core\" readability=\"71\">\n<p>L\u2019entra\u00eeneur de l\u2019\u00e9quipe de la Colombie, Carlos Queiroz, prochain adversaire des Verts, mardi prochain \u00e0 Lille, s\u2019est exprim\u00e9 sur l\u2019absence de ses deux joueurs-cl\u00e9s, \u00e0 savoir James Rodriguez (Real Madrid) et Radamel Falcao (Galatasaray) pour le rassemblement du mois d\u2019octobre.\u201cNous sommes \u00e0 un moment difficile des championnats europ\u00e9ens avec beaucoup de matchs et beaucoup de voyages, il faut savoir bien g\u00e9rer les joueurs si on veut avoir une bonne \u00e9quipe\u201d, a justifi\u00e9 mardi le s\u00e9lectionneur de la Colombie, Carlos Queiroz.<\/p>\n<p>\u201cJ&rsquo;ai vu que quelqu&rsquo;un a dit que James avait demand\u00e9 \u00e0 ne pas \u00eatre appel\u00e9, ce n&rsquo;est pas vrai. Il ne m&rsquo;est jamais arriv\u00e9 dans ma vie qu&rsquo;un joueur me demande cela\u201d, a \u00e9vacu\u00e9 Queiroz \u00e0 propos de son n\u00b010 qui peine \u00e0 s&rsquo;imposer pour son retour au Real Madrid cette saison. En ce qui concerne Falcao \u201cthe tiger\u201d, l\u2019ex-adjoint d\u2019Alex Fergusson \u00e0 Manchester United a expliqu\u00e9 que \u201cdepuis sa grave blessure au genou gauche en 2014, Radamel avait manqu\u00e9 45% des convocations en \u00e9quipe nationale, principalement pour cause de blessure\u201d.<\/p>\n<p>Notons que les deux stars de la s\u00e9lection colombienne Radamel Falcao et James Rodriguez n&rsquo;ont pas \u00e9t\u00e9 convoqu\u00e9es pour les matches amicaux des Cafeteros contre le Chili samedi et surtout contre l&rsquo;Alg\u00e9rie \u00e0 Lille mardi, alors qu\u2019au d\u00e9but il \u00e9tait question, selon la presse colombienne, de faire appel \u00e0 tous les cadres lors de la semaine FIFA du mois d\u2019octobre, dans la mesure o\u00f9 le s\u00e9lectionneur de la Colombie n\u2019a pas rappel\u00e9 ses \u201cstars\u201d \u00e9voluant en Europe, face respectivement au Br\u00e9sil et\u00a0 au Venezuela le mois pass\u00e9.<\/p>\n<p>Pour rappel, les Colombiens affronteront les champions d\u2019Afrique, mardi 15 octobre \u00e0 20h, au stade Pierre-Mauroy de Lille, en France. Les hommes de Queiroz disputeront trois jours plus t\u00f4t un match amical face au Chili \u00e0 Alicante en\u00a0<br \/>Espagne.<br \/>\u00a0<\/p>\n<p class=\"c10\"><strong>Sofiane M.<\/strong><\/p>\n<\/div>\n<p>Auteur:<br \/>\n<a href=\"https:\/\/www.liberte-algerie.com\/sports\/queiroz-explique-labsence-de-james-et-falcao-325671\">Cliquez ici pour lire l&rsquo;article depuis sa source.<\/a><\/p>\n","protected":false},"excerpt":{"rendered":"<p>L\u2019entra\u00eeneur de l\u2019\u00e9quipe de la Colombie, Carlos Queiroz, prochain adversaire des Verts, mardi prochain \u00e0 Lille, s\u2019est exprim\u00e9 sur l\u2019absence de ses deux joueurs-cl\u00e9s, \u00e0 savoir James Rodriguez (Real Madrid) et Radamel Falcao (Galatasaray) pour le rassemblement du mois d\u2019octobre.\u201cNous sommes \u00e0 un moment difficile des championnats europ\u00e9ens avec beaucoup de matchs et beaucoup de [&hellip;]<\/p>\n","protected":false},"author":1742,"featured_media":0,"comment_status":"closed","ping_status":"closed","sticky":false,"template":"","format":"standard","meta":{"fifu_image_url":"","fifu_image_alt":"","footnotes":""},"categories":[73,53],"tags":[],"class_list":["post-63926","post","type-post","status-publish","format-standard","hentry","category-actualite","category-algerie"],"_links":{"self":[{"href":"https:\/\/linitiative.ca\/International\/wp-json\/wp\/v2\/posts\/63926","targetHints":{"allow":["GET"]}}],"collection":[{"href":"https:\/\/linitiative.ca\/International\/wp-json\/wp\/v2\/posts"}],"about":[{"href":"https:\/\/linitiative.ca\/International\/wp-json\/wp\/v2\/types\/post"}],"author":[{"embeddable":true,"href":"https:\/\/linitiative.ca\/International\/wp-json\/wp\/v2\/users\/1742"}],"replies":[{"embeddable":true,"href":"https:\/\/linitiative.ca\/International\/wp-json\/wp\/v2\/comments?post=63926"}],"version-history":[{"count":0,"href":"https:\/\/linitiative.ca\/International\/wp-json\/wp\/v2\/posts\/63926\/revisions"}],"wp:attachment":[{"href":"https:\/\/linitiative.ca\/International\/wp-json\/wp\/v2\/media?parent=63926"}],"wp:term":[{"taxonomy":"category","embeddable":true,"href":"https:\/\/linitiative.ca\/International\/wp-json\/wp\/v2\/categories?post=63926"},{"taxonomy":"post_tag","embeddable":true,"href":"https:\/\/linitiative.ca\/International\/wp-json\/wp\/v2\/tags?post=63926"}],"curies":[{"name":"wp","href":"https:\/\/api.w.org\/{rel}","templated":true}]}}