{"id":63929,"date":"2019-10-10T04:28:26","date_gmt":"2019-10-10T08:28:26","guid":{"rendered":"https:\/\/linitiative.ca\/International\/reunion-sur-le-plan-de-gestion-de-lancienne-medina\/"},"modified":"2019-10-10T04:28:26","modified_gmt":"2019-10-10T08:28:26","slug":"reunion-sur-le-plan-de-gestion-de-lancienne-medina","status":"publish","type":"post","link":"https:\/\/linitiative.ca\/International\/reunion-sur-le-plan-de-gestion-de-lancienne-medina\/","title":{"rendered":"R\u00e9union sur le plan de gestion de l\u2019ancienne m\u00e9dina"},"content":{"rendered":"<div class=\"single-featured\"><img alt=\"\" data-src=\"http:\/\/www.mapmarrakech.ma\/map\/uploads\/2019\/10\/r\u00e9union-plan-m\u00e9dina-736x430.jpg\"\/><\/div>\n<div class=\"single-post-excerpt post-excerpt-bc\" readability=\"38\">\n<p>Marrakech- Une r\u00e9union a \u00e9t\u00e9 tenue, mercredi au si\u00e8ge de la wilaya de la r\u00e9gion de Marrakech-Safi, sous la pr\u00e9sidence du wali de la r\u00e9gion, Karim Kassi-Lahlou, avec \u00e0 l\u2019ordre du jour l\u2019examen des modalit\u00e9s de la mise sur pied du plan de gestion de l\u2019ancienne m\u00e9dina de Marrakech.<\/p>\n<\/div>\n<div class=\"entry-content clearfix single-post-content\" readability=\"56\">\n<p>Ce plan vise la pr\u00e9servation de la place mondiale et exceptionnelle de la cit\u00e9 ocre \u00e0 travers la d\u00e9finition d\u2019indicateurs bien pr\u00e9cis et clairs de cette grande valeur et renomm\u00e9e dont jouit la ville et leur partage avec les acteurs et la population.<\/p>\n<p>Cette r\u00e9union, \u00e0 laquelle ont pris part le pr\u00e9sident du conseil communal de Marrakech, le pr\u00e9sident de la municipalit\u00e9 du Mechouar-Kasbah, les chefs des services ext\u00e9rieurs et plusieurs experts dans le domaine du patrimoine, a \u00e9t\u00e9 marqu\u00e9e par la pr\u00e9sentation d\u2019une s\u00e9rie d\u2019expos\u00e9s portant sur les objectifs, les \u00e9tapes d\u2019\u00e9laboration et de r\u00e9alisation dudit plan, ainsi que sur les r\u00e9sultats pr\u00e9liminaires du travail du comit\u00e9 pr\u00e9paratoire et les documents de r\u00e9f\u00e9rence \u00e0 r\u00e9unir pour l\u2019accompagnement de la r\u00e9alisation de cet important document.<\/p>\n<p>Lors de cette rencontre, le wali de la r\u00e9gion a soulign\u00e9 la n\u00e9cessit\u00e9 de la f\u00e9d\u00e9ration des efforts de l\u2019ensemble des acteurs, intervenants, experts et chercheurs, sans oublier les ordres professionnels et les associations de la soci\u00e9t\u00e9 civile et ce, dans le cadre d\u2019une approche participative bas\u00e9e sur la coordination et la coop\u00e9ration pour l\u2019\u00e9laboration du plan de gestion de l\u2019ancienne m\u00e9dina, en vue de la protection et la sauvegarde du patrimoine culturel et historique de l\u2019ancienne m\u00e9dina de Marrakech.<\/p>\n<\/div>\n<p>Auteur: Mohammed KOURSI<br \/>\n<a href=\"http:\/\/www.mapmarrakech.ma\/fr\/reunion-sur-le-plan-de-gestion-de-lancienne-medina\/\">Cliquez ici pour lire l&rsquo;article depuis sa source.<\/a><\/p>\n","protected":false},"excerpt":{"rendered":"<p>Marrakech- Une r\u00e9union a \u00e9t\u00e9 tenue, mercredi au si\u00e8ge de la wilaya de la r\u00e9gion de Marrakech-Safi, sous la pr\u00e9sidence du wali de la r\u00e9gion, Karim Kassi-Lahlou, avec \u00e0 l\u2019ordre du jour l\u2019examen des modalit\u00e9s de la mise sur pied du plan de gestion de l\u2019ancienne m\u00e9dina de Marrakech. Ce plan vise la pr\u00e9servation de [&hellip;]<\/p>\n","protected":false},"author":1788,"featured_media":63930,"comment_status":"closed","ping_status":"closed","sticky":false,"template":"","format":"standard","meta":{"fifu_image_url":"","fifu_image_alt":"","footnotes":""},"categories":[54,76],"tags":[],"class_list":["post-63929","post","type-post","status-publish","format-standard","has-post-thumbnail","hentry","category-maroc","category-regions"],"_links":{"self":[{"href":"https:\/\/linitiative.ca\/International\/wp-json\/wp\/v2\/posts\/63929","targetHints":{"allow":["GET"]}}],"collection":[{"href":"https:\/\/linitiative.ca\/International\/wp-json\/wp\/v2\/posts"}],"about":[{"href":"https:\/\/linitiative.ca\/International\/wp-json\/wp\/v2\/types\/post"}],"author":[{"embeddable":true,"href":"https:\/\/linitiative.ca\/International\/wp-json\/wp\/v2\/users\/1788"}],"replies":[{"embeddable":true,"href":"https:\/\/linitiative.ca\/International\/wp-json\/wp\/v2\/comments?post=63929"}],"version-history":[{"count":0,"href":"https:\/\/linitiative.ca\/International\/wp-json\/wp\/v2\/posts\/63929\/revisions"}],"wp:featuredmedia":[{"embeddable":true,"href":"https:\/\/linitiative.ca\/International\/wp-json\/"}],"wp:attachment":[{"href":"https:\/\/linitiative.ca\/International\/wp-json\/wp\/v2\/media?parent=63929"}],"wp:term":[{"taxonomy":"category","embeddable":true,"href":"https:\/\/linitiative.ca\/International\/wp-json\/wp\/v2\/categories?post=63929"},{"taxonomy":"post_tag","embeddable":true,"href":"https:\/\/linitiative.ca\/International\/wp-json\/wp\/v2\/tags?post=63929"}],"curies":[{"name":"wp","href":"https:\/\/api.w.org\/{rel}","templated":true}]}}