{"id":63936,"date":"2019-10-10T04:39:01","date_gmt":"2019-10-10T08:39:01","guid":{"rendered":"https:\/\/linitiative.ca\/International\/djelfa-campagne-de-plantation-pastorale-dune-surface-de-300-ha-a-seddara\/"},"modified":"2019-10-10T04:39:01","modified_gmt":"2019-10-10T08:39:01","slug":"djelfa-campagne-de-plantation-pastorale-dune-surface-de-300-ha-a-seddara","status":"publish","type":"post","link":"https:\/\/linitiative.ca\/International\/djelfa-campagne-de-plantation-pastorale-dune-surface-de-300-ha-a-seddara\/","title":{"rendered":"Djelfa: campagne de plantation pastorale d\u2019une surface de 300 ha \u00e0 Seddara"},"content":{"rendered":"<div readability=\"39\">\n<p><strong>DJELFA &#8211; Une campagne pour la plantation pastorale d\u2019une surface de 300 ha dans la r\u00e9gion de Seddara, relevant de la commune de Ma\u00e0bed, dans nord de Djelfa, a \u00e9t\u00e9 lanc\u00e9e, mercredi, \u00e0 l\u2019initiative du Haut commissariat au d\u00e9veloppement de la Steppe (HCDS).<\/strong><\/p>\n<\/div>\n<div readability=\"81.7806197737\">\n<p>\u00ab\u00a0Cette op\u00e9ration, ciblant une surface globale de plus de 500 ha \u00e0 travers toute la wilaya de Djelfa, co\u00efncide avec la campagne nationale de boisement, lanc\u00e9e par la tutelle, sous le signe \u2018un arbre pour chaque citoyen\u2019\u00a0\u00bb, a indiqu\u00e9 le responsable du HCDS, Amedjkouh Mustapha.<\/p>\n<p>Il n\u2019a pas manqu\u00e9, \u00e0 ce titre, de souligner \u00ab\u00a0l\u2019int\u00e9r\u00eat de la plantation pastorale dans la lutte contre la d\u00e9gradation des zones steppique et d\u00e9sertiques, et son r\u00f4le dans la garantie de fourrages, \u00e0 moyen terme, outre sa contribution dans la cr\u00e9ation d\u2019emplois provisoires au niveau des r\u00e9gions concern\u00e9es\u00a0\u00bb, a-t-il estim\u00e9.<\/p>\n<p>\u00ab\u00a0Le HCDS couvre 24 wilayas steppiques, qui sont cibl\u00e9es par un programme visant une surface de 1800 ha en plantations pastorales\u00a0\u00bb, a r\u00e9v\u00e9l\u00e9 Amedjkouh Mustapha, dans une d\u00e9claration \u00e0 l\u2019APS.<\/p>\n<hr\/>\n<h3>Lire aussi:\u00a0<a href=\"http:\/\/www.aps.dz\/economie\/95085-zones-pastorales-degradation-de-pres-de-71-des-espaces-au-niveau-national\" target=\"_blank\" rel=\"noopener noreferrer\">Zones pastorales: D\u00e9gradation de pr\u00e8s de 71% des espaces au niveau national<\/a><\/h3>\n<hr\/>\n<p>Outre les autorit\u00e9s locales, des repr\u00e9sentants du HCDS ont assist\u00e9 au lancement de cette campagne de plantation pastorale, organis\u00e9e en collaboration avec nombre d\u2019organismes relevant du secteur agricole, dont l\u2019Institut de technologie moyen agricole sp\u00e9cialis\u00e9, la Coop\u00e9rative de l\u00e9gumes secs et de c\u00e9r\u00e9ales, et la Chambre d\u2019agriculture de la wilaya.<\/p>\n<p>La r\u00e9gion de Seddara a d\u00e9j\u00e0 \u00e9t\u00e9 le th\u00e9\u00e2tre d\u2019une autre op\u00e9ration de plantation de fourrages de type Atriplex et de cactus(ou figuier de barbarie), durant l\u2019\u00e9t\u00e9 dernier, dont les r\u00e9sultats ont \u00e9t\u00e9 qualifi\u00e9s de \u00ab\u00a0positifs\u00a0\u00bb par les techniciens du HCDS, en \u00ab\u00a0d\u00e9pit de la faible pluviom\u00e9trie\u00a0\u00bb, est-il signal\u00e9, par ailleurs.<\/p>\n<p>Selon des sp\u00e9cialistes du domaine, la plantation pastorale constitue dans la mise en terre d\u2019arbustes fourragers et de nombreuses autres types de plantes fourrag\u00e8res dont la contribution est av\u00e9r\u00e9e dans la reconstitution des surfaces steppique d\u00e9grad\u00e9es, et la garantie de l\u2019\u00e9quilibre de l\u2019\u00e9cosyst\u00e8me, outre son r\u00f4le dans le rel\u00e8vement de la production de fourrages pour les animaux d\u2019\u00e9levage.<\/p>\n<\/div>\n<p>Auteur:<br \/>\n<a href=\"http:\/\/www.aps.dz\/regions\/95483-djelfa-campagne-de-plantation-pastorale-d-une-surface-de-300-ha-a-seddara\">Cliquez ici pour lire l&rsquo;article depuis sa source.<\/a><\/p>\n","protected":false},"excerpt":{"rendered":"<p>DJELFA &#8211; Une campagne pour la plantation pastorale d\u2019une surface de 300 ha dans la r\u00e9gion de Seddara, relevant de la commune de Ma\u00e0bed, dans nord de Djelfa, a \u00e9t\u00e9 lanc\u00e9e, mercredi, \u00e0 l\u2019initiative du Haut commissariat au d\u00e9veloppement de la Steppe (HCDS). \u00ab\u00a0Cette op\u00e9ration, ciblant une surface globale de plus de 500 ha \u00e0 [&hellip;]<\/p>\n","protected":false},"author":1790,"featured_media":0,"comment_status":"closed","ping_status":"closed","sticky":false,"template":"","format":"standard","meta":{"fifu_image_url":"","fifu_image_alt":"","footnotes":""},"categories":[53,76],"tags":[],"class_list":["post-63936","post","type-post","status-publish","format-standard","hentry","category-algerie","category-regions"],"_links":{"self":[{"href":"https:\/\/linitiative.ca\/International\/wp-json\/wp\/v2\/posts\/63936","targetHints":{"allow":["GET"]}}],"collection":[{"href":"https:\/\/linitiative.ca\/International\/wp-json\/wp\/v2\/posts"}],"about":[{"href":"https:\/\/linitiative.ca\/International\/wp-json\/wp\/v2\/types\/post"}],"author":[{"embeddable":true,"href":"https:\/\/linitiative.ca\/International\/wp-json\/wp\/v2\/users\/1790"}],"replies":[{"embeddable":true,"href":"https:\/\/linitiative.ca\/International\/wp-json\/wp\/v2\/comments?post=63936"}],"version-history":[{"count":0,"href":"https:\/\/linitiative.ca\/International\/wp-json\/wp\/v2\/posts\/63936\/revisions"}],"wp:attachment":[{"href":"https:\/\/linitiative.ca\/International\/wp-json\/wp\/v2\/media?parent=63936"}],"wp:term":[{"taxonomy":"category","embeddable":true,"href":"https:\/\/linitiative.ca\/International\/wp-json\/wp\/v2\/categories?post=63936"},{"taxonomy":"post_tag","embeddable":true,"href":"https:\/\/linitiative.ca\/International\/wp-json\/wp\/v2\/tags?post=63936"}],"curies":[{"name":"wp","href":"https:\/\/api.w.org\/{rel}","templated":true}]}}