{"id":63939,"date":"2019-10-10T11:26:41","date_gmt":"2019-10-10T15:26:41","guid":{"rendered":"https:\/\/linitiative.ca\/International\/skikda-35-000-hectares-reserves-aux-cereales-au-cours-de-la-nouvelle-campagne-labours-semailles\/"},"modified":"2019-10-10T11:26:41","modified_gmt":"2019-10-10T15:26:41","slug":"skikda-35-000-hectares-reserves-aux-cereales-au-cours-de-la-nouvelle-campagne-labours-semailles","status":"publish","type":"post","link":"https:\/\/linitiative.ca\/International\/skikda-35-000-hectares-reserves-aux-cereales-au-cours-de-la-nouvelle-campagne-labours-semailles\/","title":{"rendered":"Skikda : 35.000 hectares r\u00e9serv\u00e9s aux c\u00e9r\u00e9ales au cours de la nouvelle campagne labours-semailles"},"content":{"rendered":"<div readability=\"36\">\n<p><strong>SKIKDA- Une superficie arable de pas moins de 35.000 ha a \u00e9t\u00e9 r\u00e9serv\u00e9e \u00e0 la production des c\u00e9r\u00e9ales dans la wilaya de Skikda au cours de la nouvelle campagne labours-semailles (2019-2020) lanc\u00e9e d\u00e9but\u00a0octobre dans la wilaya de Skikda, a-t-on appris jeudi d\u2019un cadre de la direction des services agricoles (DSA).<\/strong><\/p>\n<\/div>\n<div readability=\"84.4144578313\">\n<p>La campagne labours-semailles qui vise \u00e0 labourer 35.000 hectares de bl\u00e9 dur, de bl\u00e9 tendre et d&rsquo;orge, a co\u00efncid\u00e9 avec des pr\u00e9cipitations \u00ab\u00a0importantes\u00a0\u00bb depuis le d\u00e9but du mois de septembre dernier, a pr\u00e9cis\u00e9 le\u00a0charg\u00e9 de l\u2019information et de la communication \u00e0 la DSA, Rabah Mesikh<\/p>\n<p>Plus de 50.000 quintaux de semences et d&rsquo;engrais ont \u00e9t\u00e9 r\u00e9serv\u00e9s aux c\u00e9r\u00e9aliculteurs de la wilaya par la Coop\u00e9rative des c\u00e9r\u00e9ales et des l\u00e9gumes secs (CCLS), a ajout\u00e9 le m\u00eame responsable, soulignant que les services locaux du secteur pr\u00e9voient la r\u00e9alisation durant cette saison une r\u00e9colte c\u00e9r\u00e9ali\u00e8re de 800.000 quintaux, toutes vari\u00e9t\u00e9s confondues.<\/p>\n<p>La campagne labours-semailles en cours se poursuivra jusqu\u2019\u00e0 la fin du mois de d\u00e9cembre prochain, a indiqu\u00e9 le repr\u00e9sentant de la DSA, rappelant\u00a0 que pas moins de 48.300 quintaux de ce produit agricole a \u00e9t\u00e9 collect\u00e9 par la CCLS, au titre de la r\u00e9cente campagne moissons-battages.<\/p>\n<hr\/>\n<p>Lire aussi:\u00a0<a href=\"http:\/\/www.aps.dz\/regions\/95077-skikda-premiere-a-l-echelle-nationale-dans-plusieurs-filieres-agricoles\">\u00ab\u00a0premi\u00e8re \u00e0 l\u2019\u00e9chelle nationale\u00a0\u00bb dans plusieurs fili\u00e8res agricoles\u00a0<\/a><\/p>\n<hr\/>\n<p>Des quantit\u00e9s importantes de semences et d&rsquo;engrais azot\u00e9s et phosphat\u00e9s ont \u00e9t\u00e9 offertes par la CCLS afin de r\u00e9pondre aux besoins des agriculteurs dont environ 100.000 quintaux de semences, a indiqu\u00e9, de son c\u00f4t\u00e9, le directeur de cette institution Houcine Boufenche, faisant savoir que les besoins de la wilaya en mati\u00e8re de semences s\u2019\u00e9l\u00e8vent \u00e0 51.000 quintaux et le surplus sera distribu\u00e9 au reste des wilayas du pays qui enregistrent un d\u00e9ficit dans ce domaine.<\/p>\n<p>La Coop\u00e9rative des c\u00e9r\u00e9ales et des l\u00e9gumes secs de la wilaya a mis \u00e9galement \u00e0 la disposition des agriculteurs adh\u00e9rents \u00e0 cette fili\u00e8re six (6) tracteurs pour le labour et 30 autres appareils destin\u00e9s aux actions d\u2019ensemencement, a indiqu\u00e9 son directeur.<\/p>\n<p>Pour sa part, le directeur r\u00e9gional de la Banque de l\u2019agriculture et du d\u00e9veloppement rural (BADR), Mohaned Iberbisane, a, par ailleurs, pr\u00e9cis\u00e9 qu\u2019un total de 201 demandes relatives \u00e0 l\u2019acquisition de cr\u00e9dits R\u2019fig d\u2019un co\u00fbt global de 87, 549 millions DA, a \u00e9t\u00e9 recens\u00e9.<\/p>\n<p>Au moins 19.500 agriculteurs de diverses fili\u00e8res agricoles sont inscrits aupr\u00e8s de la Chambre de l\u2019agriculture de la wilaya de Skikda dont 3.000 dans la fili\u00e8re des c\u00e9r\u00e9ales qui b\u00e9n\u00e9ficieront de la carte professionnelle pour b\u00e9n\u00e9ficier des divers avantages , selon les derni\u00e8res statistiques qui ont \u00e9t\u00e9 pr\u00e9sent\u00e9es par le pr\u00e9sident de la chambre agricole locale, Mourad Bourkouk.<\/p>\n<\/div>\n<p>Auteur:<br \/>\n<a href=\"http:\/\/www.aps.dz\/regions\/95513-skikda-35-000-hectares-reserves-aux-cereales-au-cours-de-la-nouvelle-campagne-labours-semailles\">Cliquez ici pour lire l&rsquo;article depuis sa source.<\/a><\/p>\n","protected":false},"excerpt":{"rendered":"<p>SKIKDA- Une superficie arable de pas moins de 35.000 ha a \u00e9t\u00e9 r\u00e9serv\u00e9e \u00e0 la production des c\u00e9r\u00e9ales dans la wilaya de Skikda au cours de la nouvelle campagne labours-semailles (2019-2020) lanc\u00e9e d\u00e9but\u00a0octobre dans la wilaya de Skikda, a-t-on appris jeudi d\u2019un cadre de la direction des services agricoles (DSA). La campagne labours-semailles qui vise [&hellip;]<\/p>\n","protected":false},"author":1790,"featured_media":0,"comment_status":"closed","ping_status":"closed","sticky":false,"template":"","format":"standard","meta":{"fifu_image_url":"","fifu_image_alt":"","footnotes":""},"categories":[53,76],"tags":[],"class_list":["post-63939","post","type-post","status-publish","format-standard","hentry","category-algerie","category-regions"],"_links":{"self":[{"href":"https:\/\/linitiative.ca\/International\/wp-json\/wp\/v2\/posts\/63939","targetHints":{"allow":["GET"]}}],"collection":[{"href":"https:\/\/linitiative.ca\/International\/wp-json\/wp\/v2\/posts"}],"about":[{"href":"https:\/\/linitiative.ca\/International\/wp-json\/wp\/v2\/types\/post"}],"author":[{"embeddable":true,"href":"https:\/\/linitiative.ca\/International\/wp-json\/wp\/v2\/users\/1790"}],"replies":[{"embeddable":true,"href":"https:\/\/linitiative.ca\/International\/wp-json\/wp\/v2\/comments?post=63939"}],"version-history":[{"count":0,"href":"https:\/\/linitiative.ca\/International\/wp-json\/wp\/v2\/posts\/63939\/revisions"}],"wp:attachment":[{"href":"https:\/\/linitiative.ca\/International\/wp-json\/wp\/v2\/media?parent=63939"}],"wp:term":[{"taxonomy":"category","embeddable":true,"href":"https:\/\/linitiative.ca\/International\/wp-json\/wp\/v2\/categories?post=63939"},{"taxonomy":"post_tag","embeddable":true,"href":"https:\/\/linitiative.ca\/International\/wp-json\/wp\/v2\/tags?post=63939"}],"curies":[{"name":"wp","href":"https:\/\/api.w.org\/{rel}","templated":true}]}}