{"id":63940,"date":"2019-10-10T12:02:10","date_gmt":"2019-10-10T16:02:10","guid":{"rendered":"https:\/\/linitiative.ca\/International\/campagne-de-peche-a-la-sardine-a-chlef-plusieurs-infractions-liees-a-la-peche\/"},"modified":"2019-10-10T12:02:10","modified_gmt":"2019-10-10T16:02:10","slug":"campagne-de-peche-a-la-sardine-a-chlef-plusieurs-infractions-liees-a-la-peche","status":"publish","type":"post","link":"https:\/\/linitiative.ca\/International\/campagne-de-peche-a-la-sardine-a-chlef-plusieurs-infractions-liees-a-la-peche\/","title":{"rendered":"Campagne de p\u00eache \u00e0 la sardine \u00e0 Chlef : plusieurs infractions li\u00e9es \u00e0 la p\u00eache"},"content":{"rendered":"<div readability=\"38\">\n<p><strong>CHLEF- De nombreuses infractions li\u00e9es \u00e0 la p\u00eache anarchique et d\u2019atteintes \u00e0 la ressource piscicole ont \u00e9t\u00e9 enregistr\u00e9es, par la direction de la p\u00eache et des ressources halieutiques de la wilaya de Chlef, au titre de la pr\u00e9sente campagne de p\u00eache \u00e0 la sardine, a-t-on appris aupr\u00e8s des services de cette direction.<\/strong><\/p>\n<\/div>\n<div readability=\"126\">\n<p>\u00ab\u00a0Nous avons recens\u00e9 14 proc\u00e8s verbaux relatifs \u00e0 la p\u00eache anarchique et \u00e0 l\u2019atteinte contre la ressource piscicole, dont particuli\u00e8rement la sardine dont la taille ne d\u00e9passe pas les 4 cm\u00a0\u00bb, a indiqu\u00e9 \u00e0 l\u2019APS le directeur local du secteur de la p\u00eache, Abderrahmane Abed.<\/p>\n<p>Affirmant que la \u00ab\u00a0loi est claire \u00e0 ce sujet\u00a0\u00bb, il a assur\u00e9 que les services comp\u00e9tents de sa direction proc\u00e8dent toujours \u00e0 une \u00ab\u00a0saisie (sur la base d\u2019un arr\u00eat\u00e9 de la wilaya) de toutes les quantit\u00e9s de sardines de cette taille, consid\u00e9r\u00e9es comme nocives pour la sant\u00e9 du citoyen, tout en constituant une menace pour la p\u00e9rennit\u00e9 de la ressource piscicole\u00a0\u00bb, a-t-il inform\u00e9.<\/p>\n<blockquote readability=\"14\">\n<p><em><strong>\u00ab\u00a0Nombre de p\u00eacheurs irresponsables font des prises de sardines de pas plus de 4cm de long et la mettent sur les march\u00e9s\u00a0\u00bb, a-t-il d\u00e9plor\u00e9, par ailleurs, consid\u00e9rant ce fait \u00ab\u00a0destructif pour la ressource halieutique, outre son caract\u00e8re non r\u00e9glementaire\u00a0\u00bb, car la sardine est \u00ab\u00a0emp\u00each\u00e9e d\u2019atteindre sa maturit\u00e9, tout en entravant son cycle de reproduction\u00a0\u00bb.<\/strong><\/em><\/p>\n<\/blockquote>\n<p>Selon M. Abed, cette action de contr\u00f4le est inscrite au titre des \u00ab\u00a0efforts de protection de la ressource piscicole, la sardine notamment, dont les op\u00e9rations de ponte ont \u00e9t\u00e9 retard\u00e9es cette ann\u00e9e jusqu\u2019\u00e0 septembre (contre mars ou avril habituellement)\u00a0\u00bb, imputant, cette \u00ab\u00a0mutation biologique\u00a0\u00bb comme qualifi\u00e9e, par lui, \u00ab\u00a0aux changements climatiques et aux intemp\u00e9ries enregistr\u00e9es dans la r\u00e9gion\u00a0\u00bb, a-t-il indiqu\u00e9.<\/p>\n<p>\u00ab\u00a0La p\u00eache est g\u00e9n\u00e9ralement autoris\u00e9e une vingtaine de jours apr\u00e8s la ponte des \u0153ufs, quand le poisson atteint sa taille commerciale, fix\u00e9e \u00e0 plus de 10 cm\u00a0\u00bb, a-t-il, en outre, fait savoir, recommandant aux professionnels du secteur de p\u00e9cher d\u2019autres types de poissons disponibles, ces jours, comme le maquereau, consid\u00e9r\u00e9 comme un pr\u00e9dateur de la sardine.<\/p>\n<p>Toujours au titre des mesures prises pour mettre fin \u00e0 ces pratiques irresponsables de certains p\u00e9cheurs, qui vont jusqu\u2019\u00e0 \u00ab\u00a0faire de la contrebande de sardine \u00e0 travers les plages\u00a0\u00bb, selon le m\u00eame responsable, \u00ab\u00a0il a \u00e9t\u00e9 d\u00e9cid\u00e9 l\u2019interdiction d\u2019importer, vendre et utiliser des filets dont les mailles sont inf\u00e9rieures \u00e0 9 mm\u00a0\u00bb, a-t-il d\u00e9clar\u00e9.<\/p>\n<p>Des campagnes de sensibilisation sur le sujet sont, \u00e9galement, initi\u00e9es \u00e0 travers diff\u00e9rents ports de p\u00eache, en vue d\u2019aider \u00e0 r\u00e9duire au maximum ce ph\u00e9nom\u00e8ne consid\u00e9r\u00e9 comme une \u00ab\u00a0menace contre l\u2019\u00e9cosyst\u00e8me de la r\u00e9gion, et pouvant \u00e0 terme provoquer l\u2019extinction de certaines esp\u00e8ces de sardines du littoral de Chlef\u00a0\u00bb, a averti M. Abed.<\/p>\n<blockquote readability=\"14\">\n<p><em><strong>Interrog\u00e9, par l\u2019APS, \u00e0 propos de ce ph\u00e9nom\u00e8ne, ayant impact\u00e9 n\u00e9gativement sur la production piscicole de cette saison, qui a marqu\u00e9 un \u00ab\u00a0recul\u00a0\u00bb comparativement \u00e0 l\u2019ann\u00e9e derni\u00e8re (4.000 tonnes de poissons durant les 9 premiers mois de 2018 contre 2.600 tonnes \u00e0 la m\u00eame p\u00e9riode de cette ann\u00e9e), des p\u00eacheurs du port de T\u00e9n\u00e9s, l\u2019ont imput\u00e9 \u00ab\u00a0aux lourdes charges\u00a0\u00bb qui leur sont impos\u00e9es.<\/strong><\/em><\/p>\n<\/blockquote>\n<p>D\u2019autres p\u00eacheurs se sont, par ailleurs, dits \u00ab\u00a0optimistes\u00a0\u00bb, du retard mis dans la ponte des \u0153ufs de sardines, car pour eux cela veut dire \u00ab\u00a0qu\u2019il y\u2019aura de la sardine jusqu\u2019au mois de f\u00e9vrier 2020\u00a0\u00bb, se sont-ils f\u00e9licit\u00e9.<\/p>\n<p>\u00ab\u00a0Nous ne serons pas en ch\u00f4mage technique \u00e0 la p\u00e9riode indiqu\u00e9e\u00a0\u00bb, ont-ils assur\u00e9, appelant leur confr\u00e8res \u00e0 ne pas p\u00e9cher la sardine \u00ab\u00a0non arriv\u00e9e \u00e0 maturit\u00e9, car il y va de la pr\u00e9servation de l\u2019\u00e9cosyst\u00e8me, et de la sauvegarde de la sant\u00e9 du citoyen\u00a0\u00bb, ont-ils soutenu.<\/p>\n<p>La wilaya a r\u00e9alis\u00e9 une production globale de 5.600 tonnes de poissons\u00a0 (tout types confondus), durant l&rsquo;ann\u00e9e 2018.<\/p>\n<\/div>\n<p>Auteur:<br \/>\n<a href=\"http:\/\/www.aps.dz\/regions\/95520-campagne-de-peche-a-la-sardine-a-chlef-plusieurs-infractions-liees-a-la-peche\">Cliquez ici pour lire l&rsquo;article depuis sa source.<\/a><\/p>\n","protected":false},"excerpt":{"rendered":"<p>CHLEF- De nombreuses infractions li\u00e9es \u00e0 la p\u00eache anarchique et d\u2019atteintes \u00e0 la ressource piscicole ont \u00e9t\u00e9 enregistr\u00e9es, par la direction de la p\u00eache et des ressources halieutiques de la wilaya de Chlef, au titre de la pr\u00e9sente campagne de p\u00eache \u00e0 la sardine, a-t-on appris aupr\u00e8s des services de cette direction. \u00ab\u00a0Nous avons recens\u00e9 [&hellip;]<\/p>\n","protected":false},"author":1790,"featured_media":0,"comment_status":"closed","ping_status":"closed","sticky":false,"template":"","format":"standard","meta":{"fifu_image_url":"","fifu_image_alt":"","footnotes":""},"categories":[53,76],"tags":[],"class_list":["post-63940","post","type-post","status-publish","format-standard","hentry","category-algerie","category-regions"],"_links":{"self":[{"href":"https:\/\/linitiative.ca\/International\/wp-json\/wp\/v2\/posts\/63940","targetHints":{"allow":["GET"]}}],"collection":[{"href":"https:\/\/linitiative.ca\/International\/wp-json\/wp\/v2\/posts"}],"about":[{"href":"https:\/\/linitiative.ca\/International\/wp-json\/wp\/v2\/types\/post"}],"author":[{"embeddable":true,"href":"https:\/\/linitiative.ca\/International\/wp-json\/wp\/v2\/users\/1790"}],"replies":[{"embeddable":true,"href":"https:\/\/linitiative.ca\/International\/wp-json\/wp\/v2\/comments?post=63940"}],"version-history":[{"count":0,"href":"https:\/\/linitiative.ca\/International\/wp-json\/wp\/v2\/posts\/63940\/revisions"}],"wp:attachment":[{"href":"https:\/\/linitiative.ca\/International\/wp-json\/wp\/v2\/media?parent=63940"}],"wp:term":[{"taxonomy":"category","embeddable":true,"href":"https:\/\/linitiative.ca\/International\/wp-json\/wp\/v2\/categories?post=63940"},{"taxonomy":"post_tag","embeddable":true,"href":"https:\/\/linitiative.ca\/International\/wp-json\/wp\/v2\/tags?post=63940"}],"curies":[{"name":"wp","href":"https:\/\/api.w.org\/{rel}","templated":true}]}}