{"id":63941,"date":"2019-10-10T14:20:50","date_gmt":"2019-10-10T18:20:50","guid":{"rendered":"https:\/\/linitiative.ca\/International\/m-ousmane-mey-met-en-avant-les-relations-maroco-camerounaise\/"},"modified":"2019-10-10T14:20:50","modified_gmt":"2019-10-10T18:20:50","slug":"m-ousmane-mey-met-en-avant-les-relations-maroco-camerounaise","status":"publish","type":"post","link":"https:\/\/linitiative.ca\/International\/m-ousmane-mey-met-en-avant-les-relations-maroco-camerounaise\/","title":{"rendered":"M.Ousmane Mey met en avant les relations maroco-camerounaise"},"content":{"rendered":"<p class=\"c1\">La participation du Cameroun en tant qu\u2019invit\u00e9 d\u2019honneur \u00e0 la troisi\u00e8me \u00e9dition du Salon maghr\u00e9bin du livre \u00ab\u00a0Lettres du Maghreb\u00a0\u00bb, qui s\u2019est ouvert mercredi \u00e0 Oujda, confirme l\u2019excellence de la coop\u00e9ration entre les deux pays, a indiqu\u00e9 le secr\u00e9taire g\u00e9n\u00e9ral du minist\u00e8re camerounais des Arts et de la culture, Mouhtar Ousmane Mey.<\/p>\n<p class=\"c1\">\u00ab\u00a0La pr\u00e9sence du Cameroun en tant que pays \u00e0 l\u2019honneur vient confirmer encore une fois l\u2019excellence de la coop\u00e9ration bilat\u00e9rale l\u00e9gendaire qui a toujours exist\u00e9 entre les deux pays et qui continue de se d\u00e9velopper de mani\u00e8re harmonieuse pour le bien des deux peuples en particulier, et de l\u2019Afrique en g\u00e9n\u00e9ral\u00a0\u00bb, a-t-il affirm\u00e9 en ouverture de ce rendez-vous culturel, notant que les relations liant le Royaume du Maroc et la R\u00e9publique du Cameroun constituent le mod\u00e8le d\u2019un partenariat \u00ab\u00a0gagnant-gagnant\u00a0\u00bb.<\/p>\n<p class=\"c1\">De nombreux \u00e9diteurs camerounais prennent part \u00e0 cette \u00e9dition dans le but de partager leurs exp\u00e9riences et leurs productions, a fait savoir M. Mey, ajoutant que la participation de son pays\u00a0contribue \u00e0 faire de cet \u00e9v\u00e9nement \u00ab\u00a0un moment fort\u00a0\u00bb qui marque les relations culturelles entre les deux pays.<\/p>\n<p class=\"c1\">Le Cameroun a pour habitude de participer aux \u00e9v\u00e9nements culturels organis\u00e9s au Maroc, notamment le Salon international de l\u2019\u00e9dition et du livre de Casablanca, tout comme le Maroc a l\u2019habitude d\u2019assister au Salon du livre de Yaound\u00e9, a-t-il affirm\u00e9 dans une d\u00e9claration \u00e0 la MAP.<\/p>\n<p class=\"c1\">\u00ab\u00a0Lettres du Maghreb\u00a0\u00bb se veut \u00eatre une belle convergence o\u00f9 affluent l\u2019esprit et le c\u0153ur maghr\u00e9bins, l\u2019\u00e2me et le g\u00e9nie africains, o\u00f9 se t\u00e9moignent les amiti\u00e9s et les choix conjoints pour un futur de paix et de fraternit\u00e9s \u00e0 transmettre aux g\u00e9n\u00e9rations futures.<\/p>\n<p class=\"c1\">Quelque 300 intervenants, auteurs et conf\u00e9renciers participent \u00e0 cette \u00e9dition. Une quarantaine d\u2019\u00e9diteurs, dont 10 \u00e9trangers, sont \u00e9galement attendus.<\/p>\n<p class=\"c1\">\u00abLettres du Maghreb\u00bb est con\u00e7u et organis\u00e9 depuis 2017 par l\u2019Agence de l\u2019Oriental, en coordination \u00e9troite avec ses partenaires, notamment le D\u00e9partement de la Culture et la Wilaya et le Conseil de la r\u00e9gion de l\u2019Oriental.<\/p>\n<p class=\"c1\">Outre le Salon au sens conventionnel o\u00f9 sont expos\u00e9s des livres selon les normes internationales de l\u2019\u00e9dition et de la mise en valeur de l\u2019\u00e9dition et de la lecture, sont pr\u00e9vus un salon du livre jeunesse, un espace \u00e9veil \u00e0 la lecture pour les enfants, un espace m\u00e9tiers du livre et un caf\u00e9 litt\u00e9raire pour les d\u00e9dicaces et les rencontres avec les auteurs.<\/p>\n<p>Auteur: Soufiane ELAHMAR<br \/>\n<a href=\"http:\/\/www.mapoujda.ma\/fr\/m-ousmane-mey-met-en-avant-les-relations-maroco-camerounaise\/\">Cliquez ici pour lire l&rsquo;article depuis sa source.<\/a><\/p>\n","protected":false},"excerpt":{"rendered":"<p>La participation du Cameroun en tant qu\u2019invit\u00e9 d\u2019honneur \u00e0 la troisi\u00e8me \u00e9dition du Salon maghr\u00e9bin du livre \u00ab\u00a0Lettres du Maghreb\u00a0\u00bb, qui s\u2019est ouvert mercredi \u00e0 Oujda, confirme l\u2019excellence de la coop\u00e9ration entre les deux pays, a indiqu\u00e9 le secr\u00e9taire g\u00e9n\u00e9ral du minist\u00e8re camerounais des Arts et de la culture, Mouhtar Ousmane Mey. \u00ab\u00a0La pr\u00e9sence du [&hellip;]<\/p>\n","protected":false},"author":1788,"featured_media":0,"comment_status":"closed","ping_status":"closed","sticky":false,"template":"","format":"standard","meta":{"fifu_image_url":"","fifu_image_alt":"","footnotes":""},"categories":[54,76],"tags":[],"class_list":["post-63941","post","type-post","status-publish","format-standard","hentry","category-maroc","category-regions"],"_links":{"self":[{"href":"https:\/\/linitiative.ca\/International\/wp-json\/wp\/v2\/posts\/63941","targetHints":{"allow":["GET"]}}],"collection":[{"href":"https:\/\/linitiative.ca\/International\/wp-json\/wp\/v2\/posts"}],"about":[{"href":"https:\/\/linitiative.ca\/International\/wp-json\/wp\/v2\/types\/post"}],"author":[{"embeddable":true,"href":"https:\/\/linitiative.ca\/International\/wp-json\/wp\/v2\/users\/1788"}],"replies":[{"embeddable":true,"href":"https:\/\/linitiative.ca\/International\/wp-json\/wp\/v2\/comments?post=63941"}],"version-history":[{"count":0,"href":"https:\/\/linitiative.ca\/International\/wp-json\/wp\/v2\/posts\/63941\/revisions"}],"wp:attachment":[{"href":"https:\/\/linitiative.ca\/International\/wp-json\/wp\/v2\/media?parent=63941"}],"wp:term":[{"taxonomy":"category","embeddable":true,"href":"https:\/\/linitiative.ca\/International\/wp-json\/wp\/v2\/categories?post=63941"},{"taxonomy":"post_tag","embeddable":true,"href":"https:\/\/linitiative.ca\/International\/wp-json\/wp\/v2\/tags?post=63941"}],"curies":[{"name":"wp","href":"https:\/\/api.w.org\/{rel}","templated":true}]}}