{"id":63942,"date":"2019-10-10T15:13:57","date_gmt":"2019-10-10T19:13:57","guid":{"rendered":"https:\/\/linitiative.ca\/International\/ligue-1-2-csc-redjradj-officiellement-installe-directeur-general\/"},"modified":"2019-10-10T15:13:57","modified_gmt":"2019-10-10T19:13:57","slug":"ligue-1-2-csc-redjradj-officiellement-installe-directeur-general","status":"publish","type":"post","link":"https:\/\/linitiative.ca\/International\/ligue-1-2-csc-redjradj-officiellement-installe-directeur-general\/","title":{"rendered":"Ligue 1 &amp; 2 : CSC: Redjradj officiellement install\u00e9 directeur g\u00e9n\u00e9ral"},"content":{"rendered":"<div readability=\"32\">\n<p>Auteur : <span>Hamza S.<\/span> <span class=\"time\">jeudi 10 octobre 2019 13:31<\/span><\/p>\n<\/div>\n<div id=\"post_core\" readability=\"108\">\n<p>C\u2019est officiel, Rachid Redjradj est le nouveau directeur g\u00e9n\u00e9ral du CSC. Puisque ce dernier qui a tout conclu avec les patrons du club, s\u2019est d\u00e9plac\u00e9 hier \u00e0 Constantine et a m\u00eame entam\u00e9 sa mission. Il a \u00e9t\u00e9 install\u00e9 officiellement par les propri\u00e9taires du club, comme annonc\u00e9 dans un communiqu\u00e9 rendu public. Rachid Redjradj a eu le feu vert des patrons de l\u2019ENTP d\u2019installer son bureau. Il a d\u2019ailleurs appel\u00e9 Medjoudj \u00e0 qui il a donn\u00e9 rendez-vous au si\u00e8ge du club, pour aborder tous les sujets ayant trait \u00e0 l\u2019actualit\u00e9 du club. Le nouveau directeur g\u00e9n\u00e9ral du CSC, Rachid Redjradj, aura carte blanche\u00a0 puisque les propri\u00e9taires ont satisfait toutes ses conditions et ses exigences, avant de finaliser avec lui. L\u2019ancien responsable de l\u2019ESS, de l\u2019USMA et de la JSMB est d\u00e9sormais dans le vif du sujet et entame son travail comme directeur g\u00e9n\u00e9ral du CSC, avec l\u2019objectif de remettre le club sur les rails et de lui donner une grande dimension et de le professionnaliser comme il se doit.<br \/><strong>Redjradj : \u00ab J\u2019ai senti chez les propri\u00e9taires du club une grande envie de faire quelque chose pour le CSC \u00bb<\/strong><br \/>Rachid Redjradj qu\u2019on a contact\u00e9 hier au t\u00e9l\u00e9phone nous a expliqu\u00e9\u00a0\u00a0 : \u00ab J\u2019ai senti en les propri\u00e9taires cette grande envie et volont\u00e9 d\u2019apporter un grand plus au club et de faire quelque chose. Je suis en route \u00e0 Constantine (Ndlr, hier matin). Je remercie les patrons de l\u2019ENTP pour la confiance qu\u2019ils ont plac\u00e9e en ma personne et je ferai tout pour \u00eatre \u00e0 la hauteur de leurs aspirations \u00bb.<\/p>\n<p><strong>\u00ab Moi et Medjoudj, on travaillera en \u00e9troite collaboration \u00bb<\/strong><br \/>En conclusion, le nouveau directeur g\u00e9n\u00e9ral du CSC, Rachid Redjradj, estime\u00a0 : \u00ab Je travaillerai avec Medjoudj en \u00e9troite collaboration et on discutera tous les sujets ayant trait \u00e0 l\u2019actualit\u00e9 du club. Medjoudj est comme un fr\u00e8re pour moi et il aime le CSC et veut r\u00e9ussir son projet. Le CSC est un club professionnel g\u00e9r\u00e9 par une soci\u00e9t\u00e9 nationale. On va donner un nouveau souffle au club, en restructurant la cellule de communication. Comme on formera un bon staff administratif qui r\u00e9pondra aux attentes de la famille sportive du CSC \u00bb.<br \/>\u00a0<\/p>\n<p><strong>Athmani : \u00ab Je n\u2019ai jamais v\u00e9cu une telle situation et je reviendrai en force \u00bb<\/strong><\/p>\n<p>L\u2019attaquant Athmani se dit inquiet pour sa situation car, \u00e0 ses yeux, il ne l\u2019a jamais v\u00e9cue dans sa carri\u00e8re. Mais il ne perd pas espoir de revenir en force et de s\u2019imposer dans le groupe.<br \/><strong>Comment allez-vous ?<\/strong><br \/>Je ne suis pas bien, sur le plan sportif, du moment que je me retrouve en dehors des 18 \u00e0 chaque fois. Une situation que je n\u2019ai jamais v\u00e9cue dans ma carri\u00e8re. C\u2019est tr\u00e8s difficile, mais je n\u2019abdique pas et je vais tout faire pour reprendre ma place dans les 18 et puis viser une place dans le onze.<br \/><strong>Vous paraissez inquiet de votre situation, n\u2019est-ce pas ?<\/strong><br \/>C\u2019est clair que je suis inquiet et d\u00e9go\u00fbt\u00e9, car il n\u2019y a pas un joueur au monde, qui accepte une telle situation, mais je respecte les choix du staff technique. Mais\u00a0 je suis d\u00e9termin\u00e9 \u00e0 rebondir et \u00e0 m\u2019imposer de nouveau.<br \/><strong>Mais qu\u2019est-ce qui a chang\u00e9 apr\u00e8s avoir entam\u00e9 la saison en tant que titulaire ?<\/strong><br \/>Cette question il faut la poser au staff technique, car moi aussi je n\u2019ai rien compris, m\u00eame si\u00a0 je ne suis qu\u2019un employ\u00e9 du club. Je suis appel\u00e9 \u00e0 cravacher dur et plus, pour regagner la confiance du staff technique. Je sais ce que je vaux et je saurai comment refaire surface.<br \/><strong>Le championnat observe un arr\u00eat, pour programmer les matchs de retard ; un commentaire ?<\/strong><br \/>C\u2019est une date FIFA et on doit faire avec. Certes il y a des matchs\u00a0 retard au programme, mais nous on n\u2019a pas de matchs \u00e0\u00a0 disputer, puisqu\u2019on les a tous disput\u00e9s. On doit profiter de cet arr\u00eat du championnat pour recharger nos batteries pour repartir sur de bonnes bases.<br \/><strong>N\u2019avez-vous pas peur que \u00e7a se r\u00e9percute sur la forme du groupe cette longue p\u00e9riode sans comp\u00e9tition ?<\/strong><br \/>Que voulez-vous qu\u2019on fasse, il y a un staff en place et fera en sorte de tracer un programme de pr\u00e9paration pour garder le groupe concentr\u00e9 sur la suite du parcours et le pr\u00e9parer \u00e0 \u00eatre d\u2019attaque \u00e0 la reprise du championnat. On n\u2019a pas peur et on sait qu\u2019on sera au rendez-vous au prochain match de championnat.<br \/><strong>La situation de l\u2019\u00e9quipe est devenue compliqu\u00e9e, comment voyez-vous l\u2019avenir ?<\/strong><br \/>Il n\u2019y a pas lieu de s\u2019enflammer, car il reste beaucoup de matchs \u00e0 disputer. Certes le dernier \u00e9chec\u00a0\u00a0 face \u00e0 l\u2019US Biskra nous a fait mal, mais ce n\u2019est que partie remise et on va saisir cette tr\u00eave internationale pour se pr\u00e9parer en cons\u00e9quence et revenir en force. On assure les supporters qu\u2019on sera au rendez-vous \u00e0 la reprise du championnat et on leur rendra le sourire. On demande aux Sanafir de nous soutenir et de nous encourager et Inch\u2019Allah on sera au rendez-vous pour renouer avec la victoire face \u00e0 la JSK et lancer notre vrai d\u00e9part. La suite du parcours s\u2019annonce difficile, mais on sera \u00e0 la hauteur et le CSC reviendra en force.<br \/>\u00a0<\/p>\n<p><strong>Il est entr\u00e9 dans le vif du sujet\u2026<br \/>Les 3 priorit\u00e9s de Redjradj<\/strong><br \/>Le nouveau directeur g\u00e9n\u00e9ral du CSC, Rachid Redjradj, s\u2019est d\u00e9j\u00e0 mis au travail apr\u00e8s son installation officielle hier. Trois affaires l\u2019attendent et sont ses priorit\u00e9s, pour remettre de l\u2019ordre dans la maison, et entrevoir la suite sous de bons auspices.<\/p>\n<p><strong>La r\u00e9siliation du contrat de Lavagne<\/strong><br \/>La premi\u00e8re affaire que le directeur g\u00e9n\u00e9ral Rachid Redjradj va r\u00e9gler, est celle de Lavagne pour r\u00e9silier son contrat. Les supporters exigent le d\u00e9part du coach fran\u00e7ais, lequel \u00e0 leurs yeux est derri\u00e8re cette mauvaise passe que traverse leur \u00e9quipe favorite. Redjradj et Medjoudj devront se r\u00e9unir avec le technicien fran\u00e7ais dans les prochaines heures, pour trouver un accord \u00e0 l\u2019amiable qui arrangera les deux parties et proc\u00e9der \u00e0 la r\u00e9siliation du\u00a0\u00a0 contrat.<br \/><strong>Il a tous les d\u00e9tails sur le contrat de Bahamboula<\/strong><br \/>Pour le deuxi\u00e8me cas que doit traiter le nouveau directeur g\u00e9n\u00e9ral, il concerne le Congolais, Dylan Bahamboula. Redjradj a r\u00e9cup\u00e9r\u00e9 tous les \u00e9l\u00e9ments d\u2019informations\u00a0 et tous les d\u00e9tails sur le contrat de Bahamboula, surtout apr\u00e8s l\u2019ouverture d\u2019une enqu\u00eate des patrons de l\u2019ENTP, sur son engagement avec un club bulgare apr\u00e8s avoir eu l\u2019autorisation de la FIFA.<br \/><strong>Il rencontrera les responsables de JOMA<\/strong><br \/>Comme il a d\u00e9cid\u00e9 de se r\u00e9unir avec le responsable de JOMA,\u00a0 apr\u00e8s avoir eu une discussion avec Medjoudj qui lui a\u00a0 expliqu\u00e9 que les joueurs ont demand\u00e9 \u00e0 ce dernier de les \u00e9quiper avec les \u00e9quipements de l\u2019hiver. Redjradj tranchera \u00e0 l\u2019issue de cette r\u00e9union, si l\u2019\u00e9quipementier JOMA poursuivra sa collaboration avec le CSC, ou s\u2019il se mettra \u00e0 la recherche d\u2019un autre \u00e9quipementier.<br \/>\u00a0<\/p>\n<p><strong>Publi\u00e9 dans :<\/strong> <span>csc<\/span> <span>Athmani<\/span> <span>Redjradj<\/span><\/p>\n<\/div>\n<p>Auteur:<br \/>\n<a href=\"http:\/\/www.lebuteur.com\/article\/detail?titre=csc-redjradj-officiellement-installe-directeur-general&#038;id=92242&#038;utm_source=feedburner&#038;utm_medium=feed&#038;utm_campaign=Feed%3A+GalerieFArtciles+%28Les+derniers+articles++-+lebuteur.com%29\">Cliquez ici pour lire l&rsquo;article depuis sa source.<\/a><\/p>\n","protected":false},"excerpt":{"rendered":"<p>Auteur : Hamza S. jeudi 10 octobre 2019 13:31 C\u2019est officiel, Rachid Redjradj est le nouveau directeur g\u00e9n\u00e9ral du CSC. Puisque ce dernier qui a tout conclu avec les patrons du club, s\u2019est d\u00e9plac\u00e9 hier \u00e0 Constantine et a m\u00eame entam\u00e9 sa mission. Il a \u00e9t\u00e9 install\u00e9 officiellement par les propri\u00e9taires du club, comme annonc\u00e9 [&hellip;]<\/p>\n","protected":false},"author":1738,"featured_media":63943,"comment_status":"closed","ping_status":"closed","sticky":false,"template":"","format":"standard","meta":{"fifu_image_url":"","fifu_image_alt":"","footnotes":""},"categories":[53,75],"tags":[],"class_list":["post-63942","post","type-post","status-publish","format-standard","has-post-thumbnail","hentry","category-algerie","category-sport"],"_links":{"self":[{"href":"https:\/\/linitiative.ca\/International\/wp-json\/wp\/v2\/posts\/63942","targetHints":{"allow":["GET"]}}],"collection":[{"href":"https:\/\/linitiative.ca\/International\/wp-json\/wp\/v2\/posts"}],"about":[{"href":"https:\/\/linitiative.ca\/International\/wp-json\/wp\/v2\/types\/post"}],"author":[{"embeddable":true,"href":"https:\/\/linitiative.ca\/International\/wp-json\/wp\/v2\/users\/1738"}],"replies":[{"embeddable":true,"href":"https:\/\/linitiative.ca\/International\/wp-json\/wp\/v2\/comments?post=63942"}],"version-history":[{"count":0,"href":"https:\/\/linitiative.ca\/International\/wp-json\/wp\/v2\/posts\/63942\/revisions"}],"wp:featuredmedia":[{"embeddable":true,"href":"https:\/\/linitiative.ca\/International\/wp-json\/"}],"wp:attachment":[{"href":"https:\/\/linitiative.ca\/International\/wp-json\/wp\/v2\/media?parent=63942"}],"wp:term":[{"taxonomy":"category","embeddable":true,"href":"https:\/\/linitiative.ca\/International\/wp-json\/wp\/v2\/categories?post=63942"},{"taxonomy":"post_tag","embeddable":true,"href":"https:\/\/linitiative.ca\/International\/wp-json\/wp\/v2\/tags?post=63942"}],"curies":[{"name":"wp","href":"https:\/\/api.w.org\/{rel}","templated":true}]}}