{"id":63948,"date":"2019-10-10T15:14:04","date_gmt":"2019-10-10T19:14:04","guid":{"rendered":"https:\/\/linitiative.ca\/International\/ligue-1-2-usma-ce-sera-le-wac-sundowns-et-le-petro-athletico\/"},"modified":"2019-10-10T15:14:04","modified_gmt":"2019-10-10T19:14:04","slug":"ligue-1-2-usma-ce-sera-le-wac-sundowns-et-le-petro-athletico","status":"publish","type":"post","link":"https:\/\/linitiative.ca\/International\/ligue-1-2-usma-ce-sera-le-wac-sundowns-et-le-petro-athletico\/","title":{"rendered":"Ligue 1 &amp; 2 : USMA: Ce sera le WAC, Sundowns et le Petro Athletico"},"content":{"rendered":"<div readability=\"32\">\n<p>Auteur : <span>M.Z.<\/span> <span class=\"time\">jeudi 10 octobre 2019 13:31<\/span><\/p>\n<\/div>\n<div id=\"post_core\" readability=\"87\">\n<p>Comme il fallait s\u2019y attendre, c\u2019est dans la soir\u00e9e d\u2019hier que la commission d\u2019organisation de la Ligue des champions au niveau de la Conf\u00e9d\u00e9ration africaine de football a proc\u00e9d\u00e9 au tirage au sort au Caire. En pr\u00e9sence de l\u2019ensemble des repr\u00e9sentants des clubs participants, la formation des Rouge et Noir a pu connaitre ses prochains adversaires en Ligue des champions. En effet, l\u2019USMA a h\u00e9rit\u00e9 de la premi\u00e8re place dans ce groupe suivi de la formation de l\u2019Afrique du Sud Mamelodi Sundowns, du Petro Athl\u00e9tico et enfin le Wydad de Casablanca. Les trois clubs en question sont des habitu\u00e9s de la comp\u00e9tition mais il est clair que c\u2019est le WAC qui reste l\u2019adversaire le plus coriace, du moment que le club marocain a atteint la finale de la pr\u00e9c\u00e9dente \u00e9dition.<\/p>\n<p><strong>L\u2019USMA dans le chapeau 3<\/strong><br \/>Finalement, la formation usmiste a h\u00e9rit\u00e9 du chapeau 3 lors du tirage au sort. Pourtant, le club a atteint les demi-finales de la Ligue des champions lors de l\u2019\u00e9dition de 2017. Il est important de rappeler que le classement et la r\u00e9partition des clubs \u00e0 travers les chapeaux s\u2019effectuent en fonction des points de chaque club. L\u2019USMA a donc \u00e9t\u00e9 tir\u00e9e du chapeau 3 tandis que la JSK se trouvait dans le chapeau 4.<\/p>\n<p><strong>Les retrouvailles avec le Wydad deux ans plus tard<\/strong><br \/>Le hasard a fait \u00e0 ce que l\u2019USMA et le Wydad se rencontrent de nouveau en Ligue des champions. Pour rappel, les deux clubs se sont d\u00e9j\u00e0 crois\u00e9s en 2017 pour le compte de la demi-finale de la LDC. L\u2019USMA n\u2019avait pas pu atteindre la finale apr\u00e8s un nul \u00e0 Alger et une d\u00e9faite de 3 buts \u00e0 1 au retour. Cette fois-ci, les Rouge et Noir ont l\u2019occasion de prendre leur revanche et passer en quarts de finale dans un groupe qui sera tr\u00e8s relev\u00e9.<\/p>\n<p><strong>Le derby maghr\u00e9bin la fin novembre \u00e0 Alger<\/strong><br \/>Et c\u2019est justement face au Wydad de Casablanca que l\u2019USMA disputera son premier match lors de ce groupe C. Les camarades de Mohamed Lamine Zemmamouche joueront cette rencontre \u00e0 Alger le 29 ou le 30 novembre prochain avant de voyager en Angola pour affronter le Petro Athletico une semaine plus tard. L\u2019USMA recevra par la suite la formation sud-africaine le 27 ou le 28 d\u00e9cembre avant de prendre part \u00e0 la phase retour.<br \/>\u00a0<\/p>\n<p><strong>Dziri : \u00ab Nous sommes habitu\u00e9s au derby maghr\u00e9bin face au Wydad\u00bb<\/strong><\/p>\n<p>Le premier responsable du staff technique Billel Dziri a profit\u00e9 pour \u00e9voquer le tirage au sort de la LDC en nous disant : \u00ab Nous \u00e9tions certains d\u2019affronter un gros calibre du moment que le chapeau 1 englobe des formations de qualit\u00e9. C\u2019est aussi le cas du chapeau 2. Pour ce qui est de ce match face au Wydad, je dirai que nous sommes habitu\u00e9s \u00e0 jouer ce derby maghr\u00e9bin. Ce sera un match tr\u00e8s sp\u00e9cial entre les deux clubs et je sais qu\u2019on assistera \u00e0 une tr\u00e8s belle confrontation en aller-retour. \u00bb<br \/><strong>\u00ab10 \u00e9quipes ont remport\u00e9 d\u00e9j\u00e0 le titre. Le niveau sera tr\u00e8s relev\u00e9\u00bb<\/strong><br \/>Pour ce qui est du niveau des 6 \u00e9quipes participantes, le coach Bilel Dziri ajoute : \u00ab 10 \u00e9quipes participantes ont d\u00e9j\u00e0 remport\u00e9 la Ligue des champions africaine par le pass\u00e9. C\u2019est dur que le niveau sera tr\u00e8s relev\u00e9. Personnellement, je pense que cette \u00e9dition sera vraiment difficile pour l\u2019ensemble des clubs. On fera de notre mieux pour esp\u00e9rer passer au prochain tour. \u00bb<br \/><strong>\u00abLes 4 groupes sont difficiles et nous n\u2019avons aucune pr\u00e9f\u00e9rence\u00bb<\/strong><br \/>Et de conclure : \u00ab Non, nous n\u2019avons aucune pr\u00e9f\u00e9rence. Lorsque je revois les groupes, je me dis qu\u2019il n\u2019y a pas d\u2019\u00e9quipe face \u00e0 n\u00e9gocier. A ce stade, l\u2019ensemble des clubs sont d\u2019un niveau relev\u00e9. Nous devons seulement bien nous pr\u00e9parer afin d\u2019\u00eatre pr\u00eats pour l\u2019entame de la comp\u00e9tition en question. \u00bb<br \/><strong>\u00abBoycotter ou jouer le derby sera une d\u00e9cision collective\u00bb<\/strong><br \/>Le responsable du staff technique, Billel Dziri, nous a fait savoir que la situation du club d\u00e9passe bel et bien le sujet de jouer ou non le derby de ce samedi face au MCA. Mais malgr\u00e9 cela, le coach a accept\u00e9 d\u2019\u00e9voquer ce match : \u00ab Je sais que les supporters veulent en savoir davantage sur ce derby. Tout ce que je peux vous dire est que tout le monde connait notre situation. En tous les cas, je ne suis pas en mesure de dire si on boycottera ou non ce derby car cette d\u00e9cision ne me revient pas \u00e0 moi seul. Ce sera une d\u00e9cision collective qui sera prise par tout le monde.\u00bb<br \/><strong>\u00abC\u2019est la situation du club qui m\u2019inqui\u00e8te car les joueurs ne la supportent plus\u00bb<\/strong><br \/>Par la suite, le coach des Rouge et Noir a \u00e9voqu\u00e9 la situation du club : \u00ab Si certains se focalisent beaucoup plus sur le derby, permettez-moi de dire que la situation \u00e0 l\u2019USMA est bien plus difficile que de penser uniquement au derby. Ce match n\u2019en est qu\u2019un parmi d\u2019autres. Moi, c\u2019est la situation du club en g\u00e9n\u00e9ral qui m\u2019inqui\u00e8te. Je rencontre les joueurs au quotidien et je peux dire qu\u2019ils se trouvent dans une situation tr\u00e8s complexe.\u00bb<br \/><strong>\u00abAvant de parler du derby, il faut penser \u00e0 l\u2019avenir du club\u00bb<\/strong><br \/>Dziri ajoutera dans la foul\u00e9e : \u00ab Comme je viens de vous le dire, jouer ou non le derby sera une d\u00e9cision qui sera prise dans les prochaines heures, probablement ce jeudi. Mais ce qui m\u2019inqui\u00e8te est l\u2019avenir de l\u2019USMA. Nous devons penser \u00e0 cela car nous aurons vraiment du mal \u00e0 enchainer les rencontres dans des conditions pareilles. C\u2019est pour cette raison que je lance un appel aux responsables. Ils doivent s\u00e9rieusement trouver une issue \u00e0 cette crise qui nous p\u00e9nalise depuis des mois.\u00bb<br \/><strong>\u00abLa situation me d\u00e9passe et d\u00e9passe m\u00eame les joueurs\u00bb<\/strong><br \/>Le coach conclura : \u00ab Croyez bien que ce que nous sommes en train de vivre ces jours est vraiment compliqu\u00e9, pas parce que nous sommes revenus d\u2019une d\u00e9faite en d\u00e9placement, mais pour la simple raison que les joueurs n\u2019ont plus aucune id\u00e9e sur l\u2019avenir du club. On ne sait m\u00eame pas comment cette crise va se terminer. C\u2019est pour cela que j\u2019estime que la situation \u00e0 l\u2019USMA me d\u00e9passe, d\u00e9passe le staff technique et d\u00e9passe m\u00eame les joueurs qui font de leur mieux depuis des mois pour que l\u2019USMA puisse aller le plus loin possible en championnat et en Ligue des champions.\u00bb<br \/>\u00a0<\/p>\n<p><strong>Publi\u00e9 dans :<\/strong> <span>USMA<\/span> <span>zemmamouche<\/span> <span>Dziri<\/span><\/p>\n<\/div>\n<p>Auteur:<br \/>\n<a href=\"http:\/\/www.lebuteur.com\/article\/detail?titre=usma-ce-sera-le-wac-sundowns-et-le-petro-athletico&#038;id=92236&#038;utm_source=feedburner&#038;utm_medium=feed&#038;utm_campaign=Feed%3A+GalerieFArtciles+%28Les+derniers+articles++-+lebuteur.com%29\">Cliquez ici pour lire l&rsquo;article depuis sa source.<\/a><\/p>\n","protected":false},"excerpt":{"rendered":"<p>Auteur : M.Z. jeudi 10 octobre 2019 13:31 Comme il fallait s\u2019y attendre, c\u2019est dans la soir\u00e9e d\u2019hier que la commission d\u2019organisation de la Ligue des champions au niveau de la Conf\u00e9d\u00e9ration africaine de football a proc\u00e9d\u00e9 au tirage au sort au Caire. En pr\u00e9sence de l\u2019ensemble des repr\u00e9sentants des clubs participants, la formation des [&hellip;]<\/p>\n","protected":false},"author":1738,"featured_media":63949,"comment_status":"closed","ping_status":"closed","sticky":false,"template":"","format":"standard","meta":{"fifu_image_url":"","fifu_image_alt":"","footnotes":""},"categories":[53,75],"tags":[],"class_list":["post-63948","post","type-post","status-publish","format-standard","has-post-thumbnail","hentry","category-algerie","category-sport"],"_links":{"self":[{"href":"https:\/\/linitiative.ca\/International\/wp-json\/wp\/v2\/posts\/63948","targetHints":{"allow":["GET"]}}],"collection":[{"href":"https:\/\/linitiative.ca\/International\/wp-json\/wp\/v2\/posts"}],"about":[{"href":"https:\/\/linitiative.ca\/International\/wp-json\/wp\/v2\/types\/post"}],"author":[{"embeddable":true,"href":"https:\/\/linitiative.ca\/International\/wp-json\/wp\/v2\/users\/1738"}],"replies":[{"embeddable":true,"href":"https:\/\/linitiative.ca\/International\/wp-json\/wp\/v2\/comments?post=63948"}],"version-history":[{"count":0,"href":"https:\/\/linitiative.ca\/International\/wp-json\/wp\/v2\/posts\/63948\/revisions"}],"wp:featuredmedia":[{"embeddable":true,"href":"https:\/\/linitiative.ca\/International\/wp-json\/"}],"wp:attachment":[{"href":"https:\/\/linitiative.ca\/International\/wp-json\/wp\/v2\/media?parent=63948"}],"wp:term":[{"taxonomy":"category","embeddable":true,"href":"https:\/\/linitiative.ca\/International\/wp-json\/wp\/v2\/categories?post=63948"},{"taxonomy":"post_tag","embeddable":true,"href":"https:\/\/linitiative.ca\/International\/wp-json\/wp\/v2\/tags?post=63948"}],"curies":[{"name":"wp","href":"https:\/\/api.w.org\/{rel}","templated":true}]}}