{"id":63952,"date":"2019-10-09T20:00:00","date_gmt":"2019-10-10T00:00:00","guid":{"rendered":"https:\/\/linitiative.ca\/International\/crise-au-yemen-lambassadeur-yemenite-salue-la-position-de-lalgerie\/"},"modified":"2019-10-09T20:00:00","modified_gmt":"2019-10-10T00:00:00","slug":"crise-au-yemen-lambassadeur-yemenite-salue-la-position-de-lalgerie","status":"publish","type":"post","link":"https:\/\/linitiative.ca\/International\/crise-au-yemen-lambassadeur-yemenite-salue-la-position-de-lalgerie\/","title":{"rendered":"Crise au Y\u00e9men : L\u2019ambassadeur y\u00e9m\u00e9nite salue la position de l\u2019Alg\u00e9rie"},"content":{"rendered":"<p>L&rsquo;ambassadeur du Y\u00e9men \u00e0 Alger, Ali Mohammed Alaoui Abdullah El-Yazidi, a salu\u00e9, hier, la position et le soutien de l&rsquo;Alg\u00e9rie \u00e0 l&rsquo;\u00e9gard de la crise qui pr\u00e9vaut dans son pays. Lors d&rsquo;une rencontre avec le pr\u00e9sident de la Commission des affaires \u00e9trang\u00e8res, de la coop\u00e9ration internationale et de la communaut\u00e9 alg\u00e9rienne \u00e0 l&rsquo;\u00e9tranger au Conseil de la Nation, Rachid Achour, l&rsquo;ambassadeur a pr\u00e9sent\u00e9 un expos\u00e9 global sur la situation au Y\u00e9men. De son c\u00f4t\u00e9, M. Achour a mis l&rsquo;accent sur la position de l&rsquo;Alg\u00e9rie quant \u00e0 la crise au Y\u00e9men et son soutien aux efforts d\u00e9ploy\u00e9s par l&rsquo;ONU pour trouver \u00abune issue politique \u00e0 m\u00eame de garantir l&rsquo;unit\u00e9 et la souverainet\u00e9 du Y\u00e9men\u00bb. Les deux parties ont \u00e9chang\u00e9 les vues sur la situation pr\u00e9valant dans le monde arabe, se f\u00e9licitant de \u00abla qualit\u00e9 des relations \u00e9tablies entre les deux pays fr\u00e8res\u00bb.<\/p>\n<p>Auteur: elmoudjahid<br \/>\n<a href=\"http:\/\/www.elmoudjahid.com\/fr\/actualites\/143015\">Cliquez ici pour lire l&rsquo;article depuis sa source.<\/a><\/p>\n","protected":false},"excerpt":{"rendered":"<p>L&rsquo;ambassadeur du Y\u00e9men \u00e0 Alger, Ali Mohammed Alaoui Abdullah El-Yazidi, a salu\u00e9, hier, la position et le soutien de l&rsquo;Alg\u00e9rie \u00e0 l&rsquo;\u00e9gard de la crise qui pr\u00e9vaut dans son pays. Lors d&rsquo;une rencontre avec le pr\u00e9sident de la Commission des affaires \u00e9trang\u00e8res, de la coop\u00e9ration internationale et de la communaut\u00e9 alg\u00e9rienne \u00e0 l&rsquo;\u00e9tranger au Conseil [&hellip;]<\/p>\n","protected":false},"author":1744,"featured_media":0,"comment_status":"closed","ping_status":"closed","sticky":false,"template":"","format":"standard","meta":{"fifu_image_url":"","fifu_image_alt":"","footnotes":""},"categories":[73,53],"tags":[],"class_list":["post-63952","post","type-post","status-publish","format-standard","hentry","category-actualite","category-algerie"],"_links":{"self":[{"href":"https:\/\/linitiative.ca\/International\/wp-json\/wp\/v2\/posts\/63952","targetHints":{"allow":["GET"]}}],"collection":[{"href":"https:\/\/linitiative.ca\/International\/wp-json\/wp\/v2\/posts"}],"about":[{"href":"https:\/\/linitiative.ca\/International\/wp-json\/wp\/v2\/types\/post"}],"author":[{"embeddable":true,"href":"https:\/\/linitiative.ca\/International\/wp-json\/wp\/v2\/users\/1744"}],"replies":[{"embeddable":true,"href":"https:\/\/linitiative.ca\/International\/wp-json\/wp\/v2\/comments?post=63952"}],"version-history":[{"count":0,"href":"https:\/\/linitiative.ca\/International\/wp-json\/wp\/v2\/posts\/63952\/revisions"}],"wp:attachment":[{"href":"https:\/\/linitiative.ca\/International\/wp-json\/wp\/v2\/media?parent=63952"}],"wp:term":[{"taxonomy":"category","embeddable":true,"href":"https:\/\/linitiative.ca\/International\/wp-json\/wp\/v2\/categories?post=63952"},{"taxonomy":"post_tag","embeddable":true,"href":"https:\/\/linitiative.ca\/International\/wp-json\/wp\/v2\/tags?post=63952"}],"curies":[{"name":"wp","href":"https:\/\/api.w.org\/{rel}","templated":true}]}}