{"id":63954,"date":"2019-10-09T20:00:00","date_gmt":"2019-10-10T00:00:00","guid":{"rendered":"https:\/\/linitiative.ca\/International\/zones-economiques-speciales-au-sud-adosser-la-demarche-a-une-politique-logistique-efficace\/"},"modified":"2019-10-09T20:00:00","modified_gmt":"2019-10-10T00:00:00","slug":"zones-economiques-speciales-au-sud-adosser-la-demarche-a-une-politique-logistique-efficace","status":"publish","type":"post","link":"https:\/\/linitiative.ca\/International\/zones-economiques-speciales-au-sud-adosser-la-demarche-a-une-politique-logistique-efficace\/","title":{"rendered":"Zones \u00e9conomiques sp\u00e9ciales au Sud : adosser la d\u00e9marche \u00e0 une politique logistique efficace"},"content":{"rendered":"<p>Le gouvernement pr\u00e9voit la mise en place de zones \u00e9conomiques sp\u00e9ciales \u00e0 Tamanrasset, \u00e0 Illizi et \u00e0 Tindouf pour en faire un point d\u2019int\u00e9gration \u00e9conomique en Afrique\u00bb. Joint pas nos soins pour davantage d\u2019\u00e9claircissements, \u00e9conomiste, qualifie la d\u00e9marche de \u00abtr\u00e8s bonne\u00bb, mais, pr\u00e9vient-t-il, sans l\u2019asseoir \u00e0 une politique de logistique efficace, elle risque de ressembler \u00e0 une quadrature du cercle.<br \/>\u00a0En effet, m\u00eame si la nouvelle strat\u00e9gie de l\u2019Alg\u00e9rie est orient\u00e9e vers les exportations hors hydrocarbures et la diversification de l\u2019\u00e9conomie, la logistique demeure le maillon faible. Encha\u00eenant, le Dr Rezzig propose \u00e9galement un programme de remise \u00e0 niveau des routes qui m\u00e8nent aux pays africains comme la Mauritanie, et qui se trouvent actuellement dans un \u00e9tat impraticable. Aux yeux de l\u2019universitaire, le lancement de ces zones intervient en retard, et devait intervenir il a au moins deux ans, soit dans la p\u00e9riode o\u00f9 la demande des produits alg\u00e9riens \u00e9tait \u00e9lev\u00e9e. De son c\u00f4t\u00e9, le Dr Mustapha Mekid\u00e8che, vice-pr\u00e9sident du Conseil national \u00e9conomique et social confirme l\u2019importance de la logistique qui sera \u00abau c\u0153ur des \u00e9changes intra-africains\u00bb, pr\u00e9conisant la multiplication des efforts en mati\u00e8re du r\u00e9seau routier. A ses yeux, ces zones seront une plate-forme non seulement avec les pays frontaliers, mais avec l\u2019ensemble du Continent.<br \/>Notons, dans ce registre, que les pays, m\u00eame avec des m\u00eames objectifs et strat\u00e9gies, qui r\u00e9ussiront le plus, sont ceux qui d\u00e9tiennent le triptyque : logistique d\u00e9velopp\u00e9e, diplomatie commerciale av\u00e9r\u00e9e et une meilleure introduction des TIC dans le processus d\u2019industrialisation. Ces zones, dont la cr\u00e9ation figure dans le projet de loi de finances 2020, vont cr\u00e9er des investissements dans les domaines de la logistique, de l\u2019industrie et des technologies d\u00e9velopp\u00e9es. L\u2019objectif est de p\u00e9renniser cette dynamique d\u2019\u0153uvrer constamment \u00e0 la consolidation et \u00e0 la diversification des relations tant bilat\u00e9rales que multilat\u00e9rales dans les domaines \u00e9conomique et commercial. En effet, une fois en place, la Zone de libre \u00e9change commercial en Afrique couvrira un march\u00e9 de 1,2 milliard d\u2019habitants et un PIB combin\u00e9 de 2.5 milliards de dollars, et cr\u00e9era un march\u00e9 de 3000 milliards USD, sans aucun droit de douane ni restriction aux fronti\u00e8res. Dans leurs interventions \u00e0 la conf\u00e9rence d\u00e9di\u00e9e \u00e0 la Zlecaf, les intervenants \u00e9taient unanimes \u00e0 relever que sans l\u2019industrialisation, l\u2019Afrique qui rec\u00e8le des richesses naturelles \u00e9normes ne pourra se d\u00e9velopper, ajoutant que les transformations envisag\u00e9es par la ZLECAF \u00e9taient difficiles vu l\u2019\u00e9tat du Continent. La ZLECAF s\u2019offre comme une opportunit\u00e9 qui permettra \u00e9galement l\u2019industrialisation, le d\u00e9veloppement et la transformation structurelle du continent. Rappelons dans cette optique que l\u2019Alg\u00e9rie sera parmi le groupe des 27 Etats africains qui participent \u00e0 la Gouvernance de cette zone de libre-\u00e9change.<br \/><strong>Fouad Irnatene<\/strong><br \/>\u00a0<\/p>\n<p>Auteur: elmoudjahid<br \/>\n<a href=\"http:\/\/www.elmoudjahid.com\/fr\/actualites\/143017\">Cliquez ici pour lire l&rsquo;article depuis sa source.<\/a><\/p>\n","protected":false},"excerpt":{"rendered":"<p>Le gouvernement pr\u00e9voit la mise en place de zones \u00e9conomiques sp\u00e9ciales \u00e0 Tamanrasset, \u00e0 Illizi et \u00e0 Tindouf pour en faire un point d\u2019int\u00e9gration \u00e9conomique en Afrique\u00bb. Joint pas nos soins pour davantage d\u2019\u00e9claircissements, \u00e9conomiste, qualifie la d\u00e9marche de \u00abtr\u00e8s bonne\u00bb, mais, pr\u00e9vient-t-il, sans l\u2019asseoir \u00e0 une politique de logistique efficace, elle risque de ressembler [&hellip;]<\/p>\n","protected":false},"author":1744,"featured_media":0,"comment_status":"closed","ping_status":"closed","sticky":false,"template":"","format":"standard","meta":{"fifu_image_url":"","fifu_image_alt":"","footnotes":""},"categories":[73,53],"tags":[],"class_list":["post-63954","post","type-post","status-publish","format-standard","hentry","category-actualite","category-algerie"],"_links":{"self":[{"href":"https:\/\/linitiative.ca\/International\/wp-json\/wp\/v2\/posts\/63954","targetHints":{"allow":["GET"]}}],"collection":[{"href":"https:\/\/linitiative.ca\/International\/wp-json\/wp\/v2\/posts"}],"about":[{"href":"https:\/\/linitiative.ca\/International\/wp-json\/wp\/v2\/types\/post"}],"author":[{"embeddable":true,"href":"https:\/\/linitiative.ca\/International\/wp-json\/wp\/v2\/users\/1744"}],"replies":[{"embeddable":true,"href":"https:\/\/linitiative.ca\/International\/wp-json\/wp\/v2\/comments?post=63954"}],"version-history":[{"count":0,"href":"https:\/\/linitiative.ca\/International\/wp-json\/wp\/v2\/posts\/63954\/revisions"}],"wp:attachment":[{"href":"https:\/\/linitiative.ca\/International\/wp-json\/wp\/v2\/media?parent=63954"}],"wp:term":[{"taxonomy":"category","embeddable":true,"href":"https:\/\/linitiative.ca\/International\/wp-json\/wp\/v2\/categories?post=63954"},{"taxonomy":"post_tag","embeddable":true,"href":"https:\/\/linitiative.ca\/International\/wp-json\/wp\/v2\/tags?post=63954"}],"curies":[{"name":"wp","href":"https:\/\/api.w.org\/{rel}","templated":true}]}}