{"id":63961,"date":"2019-10-10T14:38:53","date_gmt":"2019-10-10T18:38:53","guid":{"rendered":"https:\/\/linitiative.ca\/International\/95538-bechar-plus-de-1-100-participants-au-cross-du-challenge-du-nombre-de-l-anp\/"},"modified":"2019-10-10T14:38:53","modified_gmt":"2019-10-10T18:38:53","slug":"95538-bechar-plus-de-1-100-participants-au-cross-du-challenge-du-nombre-de-l-anp","status":"publish","type":"post","link":"https:\/\/linitiative.ca\/International\/95538-bechar-plus-de-1-100-participants-au-cross-du-challenge-du-nombre-de-l-anp\/","title":{"rendered":"Bechar: plus de 1.100 participants au cross du Challenge du nombre de l&rsquo;ANP"},"content":{"rendered":"<div readability=\"35\">\n<p><strong>BECHAR- Quelque 1.114 athl\u00e8tes issus de diff\u00e9rentes directions et unit\u00e9s de la troisi\u00e8me r\u00e9gion militaire (3\u00e8me RM) ont pris part au cross du Challenge du nombre de l\u2019Arm\u00e9e nationale populaire (ANP), organis\u00e9 jeudi au complexe sportif r\u00e9gional de cette r\u00e9gion militaire \u00e0 Bechar<\/strong>.<\/p>\n<\/div>\n<div readability=\"80\">\n<p>Ce rendez-vous sportif s\u2019est d\u00e9roul\u00e9 sur des parcours de 12, 7 et 5 kilom\u00e8tres, conformes aux cat\u00e9gories d\u2019\u00e2ge des participants (moins de 28 ans, 28-35 ans et plus de 35 ans), selon les organisateurs.<\/p>\n<p>Dans une allocation d\u2019ouverture prononc\u00e9e au nom du commandant de la 3\u00e8RM, le chef d\u2019Etat-major de cette RM, le g\u00e9n\u00e9ral-major Fodil Nacer Eddine, a indiqu\u00e9 que la comp\u00e9tition, qui entre dans le cadre du programme de la saison sportive 2018\/2019, vise \u00e0 \u00e9valuer les capacit\u00e9s d\u2019endurance ainsi que les aptitudes physiques et psychologiques de l\u2019\u00e9l\u00e9ment militaire, appelant les athl\u00e8tes \u00e0 faire pr\u00e9valoir l\u2019esprit fair-play.<\/p>\n<p><strong>Ce Challenge du nombre de l\u2019ANP, qui a \u00e9t\u00e9 cl\u00f4tur\u00e9 par une c\u00e9r\u00e9monie de remise de m\u00e9dailles et de titres d\u2019encouragement aux vainqueurs, a donn\u00e9 lieu aux r\u00e9sultats suivants :<\/strong><\/p>\n<p>Cat\u00e9gorie des moins de 28 ans :<\/p>\n<p>\u00a01\/- Caporal-chef Contractuel Younsi Ma\u00e2mar<\/p>\n<p>2\/- Caporal-Contractuel Ben Karouch Faycal<\/p>\n<p>3\/- Djoundi-Contractuel Chebli Redouane<\/p>\n<p>\u00a0Cat\u00e9gorie des 28 \u00e0 35 ans :<\/p>\n<p>\u00a01\/- Caporal-contractuel Kanab Abdelkader<\/p>\n<p>2\/- Sergent-chef Contractuel Kalach Hamza<\/p>\n<p>3\/- Sergent -contractuel Boudia Zakaria<\/p>\n<p>\u00a0Cat\u00e9gorie des plus de 35 ans :<\/p>\n<p>\u00a01\/- Sergent-chef Ould Kaddour Abdelkader<\/p>\n<p>2\/- Sergent-chef Aissaoui Kamel<\/p>\n<p>3\/- Sergent-chef\u00a0 Baghdadi Sadok<\/p>\n<p>Cat\u00e9gorie f\u00e9minine<\/p>\n<p>\u00a01\/-Sergent-contractuel Lahak Khadija.<\/p>\n<\/div>\n<p>Auteur:<br \/>\n<a href=\"http:\/\/www.aps.dz\/sport\/95538-bechar-plus-de-1-100-participants-au-cross-du-challenge-du-nombre-de-l-anp?utm_source=feedburner&#038;utm_medium=feed&#038;utm_campaign=Feed%3A+aps-sport+%28APS+-+SPORT%29\">Cliquez ici pour lire l&rsquo;article depuis sa source.<\/a><\/p>\n","protected":false},"excerpt":{"rendered":"<p>BECHAR- Quelque 1.114 athl\u00e8tes issus de diff\u00e9rentes directions et unit\u00e9s de la troisi\u00e8me r\u00e9gion militaire (3\u00e8me RM) ont pris part au cross du Challenge du nombre de l\u2019Arm\u00e9e nationale populaire (ANP), organis\u00e9 jeudi au complexe sportif r\u00e9gional de cette r\u00e9gion militaire \u00e0 Bechar. Ce rendez-vous sportif s\u2019est d\u00e9roul\u00e9 sur des parcours de 12, 7 et [&hellip;]<\/p>\n","protected":false},"author":1790,"featured_media":0,"comment_status":"closed","ping_status":"closed","sticky":false,"template":"","format":"standard","meta":{"fifu_image_url":"","fifu_image_alt":"","footnotes":""},"categories":[53,75],"tags":[],"class_list":["post-63961","post","type-post","status-publish","format-standard","hentry","category-algerie","category-sport"],"_links":{"self":[{"href":"https:\/\/linitiative.ca\/International\/wp-json\/wp\/v2\/posts\/63961","targetHints":{"allow":["GET"]}}],"collection":[{"href":"https:\/\/linitiative.ca\/International\/wp-json\/wp\/v2\/posts"}],"about":[{"href":"https:\/\/linitiative.ca\/International\/wp-json\/wp\/v2\/types\/post"}],"author":[{"embeddable":true,"href":"https:\/\/linitiative.ca\/International\/wp-json\/wp\/v2\/users\/1790"}],"replies":[{"embeddable":true,"href":"https:\/\/linitiative.ca\/International\/wp-json\/wp\/v2\/comments?post=63961"}],"version-history":[{"count":0,"href":"https:\/\/linitiative.ca\/International\/wp-json\/wp\/v2\/posts\/63961\/revisions"}],"wp:attachment":[{"href":"https:\/\/linitiative.ca\/International\/wp-json\/wp\/v2\/media?parent=63961"}],"wp:term":[{"taxonomy":"category","embeddable":true,"href":"https:\/\/linitiative.ca\/International\/wp-json\/wp\/v2\/categories?post=63961"},{"taxonomy":"post_tag","embeddable":true,"href":"https:\/\/linitiative.ca\/International\/wp-json\/wp\/v2\/tags?post=63961"}],"curies":[{"name":"wp","href":"https:\/\/api.w.org\/{rel}","templated":true}]}}