{"id":63967,"date":"2019-10-10T05:01:58","date_gmt":"2019-10-10T09:01:58","guid":{"rendered":"https:\/\/linitiative.ca\/International\/abolition-de-la-peine-de-mort-des-raisons-desperer\/"},"modified":"2019-10-10T05:01:58","modified_gmt":"2019-10-10T09:01:58","slug":"abolition-de-la-peine-de-mort-des-raisons-desperer","status":"publish","type":"post","link":"https:\/\/linitiative.ca\/International\/abolition-de-la-peine-de-mort-des-raisons-desperer\/","title":{"rendered":"\u00abAbolition de la peine de mort : Des raisons d\u2019esp\u00e9rer\u00bb"},"content":{"rendered":"<h4 class=\"title-14\">(S. E. M John O\u2019Rourke. Ambassadeur\/chef de la d\u00e9l\u00e9gation de l\u2019Union europ\u00e9enne en Alg\u00e9rie)<\/h4>\n<div class=\"featured_image\"><img width=\"300\" height=\"473\" data-cfsrc=\"https:\/\/www.elwatan.com\/wp-content\/uploads\/2019\/10\/Sans-titre-1-61.gif\" class=\"attachment-post-thumbnail size-post-thumbnail wp-post-image c2\" alt=\"S. E. M John O\u2019Rourke. Ambassadeur\/chef de la d\u00e9l\u00e9gation de l\u2019Union europ\u00e9enne en Alg\u00e9rie\"\/><noscript><\/p>\n<p><img loading=\"lazy\" decoding=\"async\" width=\"300\" height=\"473\" src=\"https:\/\/www.elwatan.com\/wp-content\/uploads\/2019\/10\/Sans-titre-1-61.gif\" class=\"attachment-post-thumbnail size-post-thumbnail wp-post-image\" alt=\"S. E. M John O\u2019Rourke. Ambassadeur\/chef de la d\u00e9l\u00e9gation de l\u2019Union europ\u00e9enne en Alg\u00e9rie\"\/><\/p>\n<p><\/noscript><\/div>\n<p class=\"p3\"><span class=\"s1\">L<\/span><span class=\"s1\">a c\u00e9l\u00e9bration de la Journ\u00e9e europ\u00e9enne et mondiale contre la peine de mort le 10 octobre de chaque ann\u00e9e est une occasion pour faire le bilan des efforts et du chemin parcouru par les d\u00e9fenseurs de la cause abolitionniste.<\/span><\/p>\n<p class=\"p3\"><span class=\"s1\">Et nous ne pouvons que nous r\u00e9jouir en constatant l\u2019avanc\u00e9e de ce courant au niveau mondial, confort\u00e9e, en d\u00e9cembre 2018, par l\u2019appui d\u2019une majorit\u00e9 de pays \u00e0 une r\u00e9solution de l\u2019ONU relative \u00e0 un moratoire sur l\u2019application de la peine de mort dans l\u2019objectif de l\u2019abolir.<\/span><\/p>\n<p class=\"p3\"><span class=\"s1\">Selon le rapport annuel de l\u2019ONG Amnesty international sur la situation de la peine de mort dans le monde, en 2018, on a enregistr\u00e9 le nombre d\u2019ex\u00e9cutions le plus faible depuis 10 ans (sans compter la Chine). Sur le continent africain, plusieurs pays ont entrepris des actions en faveur de l\u2019abolition de la peine capitale.<\/span><\/p>\n<p class=\"p3\"><span class=\"s1\">Le Burkina Faso et le B\u00e9nin l\u2019ont ainsi supprim\u00e9e de leur code p\u00e9nal, alors que la Gambie a d\u00e9cr\u00e9t\u00e9, d\u00e9but 2018, un moratoire officiel sur les ex\u00e9cutions. Cette m\u00eame ann\u00e9e, moins de 10% des ex\u00e9cutions dans le monde ont eu lieu sur ce continent.<\/span><\/p>\n<p class=\"p3\"><span class=\"s1\">Aujourd\u2019hui, la majorit\u00e9 des pays dans le monde ont aboli la peine de mort en droit ou en pratique. Pourtant, pr\u00e8s de 700 personnes ont \u00e9t\u00e9 ex\u00e9cut\u00e9es l\u2019ann\u00e9e derni\u00e8re. Des chiffres qui nous rappellent l\u2019ampleur de la bataille qui reste \u00e0 mener au nom du respect de la dignit\u00e9 humaine.<\/span><\/p>\n<p class=\"p3\"><span class=\"s1\">Une entreprise difficile mais loin d\u2019\u00eatre impossible. Souvenons-nous du long combat contre l\u2019esclavage, 4 si\u00e8cles de lutte, qui se poursuit encore aujourd\u2019hui. Conform\u00e9ment aux valeurs \u00e9nonc\u00e9es dans la Convention europ\u00e9enne des droits de l\u2019homme, l\u2019Union europ\u00e9enne joue un r\u00f4le de premier plan dans la lutte contre la peine de mort dans le monde, faisant de son abolition une partie int\u00e9grante de sa politique ext\u00e9rieure.<\/span><\/p>\n<p class=\"p3\"><span class=\"s1\">A ce titre, elle soutient, dans les pays non abolitionnistes, les organisations de la soci\u00e9t\u00e9 civile qui font un travail de sensibilisation, comme elle encourage les Etats membres \u00e0 prendre des mesures faisant obstacle au commerce de biens susceptibles d\u2019\u00eatre utilis\u00e9s lors des ex\u00e9cutions.<\/span><\/p>\n<p class=\"p3\"><span class=\"s1\">Nous saluons le moratoire sur les ex\u00e9cutions que l\u2019Alg\u00e9rie applique depuis 1993, ainsi que la baisse notable des peines capitales prononc\u00e9es ces deux derni\u00e8res ann\u00e9es (27 en 2017 contre 1 en 2018). L\u2019appui de l\u2019Alg\u00e9rie \u00e0 la r\u00e9solution 62\/149 de 2008, adopt\u00e9e par l\u2019Assembl\u00e9e g\u00e9n\u00e9rale des Nations unies et portant moratoire sur la peine de mort, la rapproche du consensus mondial autour du principe d\u2019abolition.<\/span><\/p>\n<p class=\"p3\">Au-del\u00e0 de son inhumanit\u00e9, l\u2019effet dissuasif de la peine capitale n\u2019a jamais \u00e9t\u00e9 d\u00e9montr\u00e9, et son caract\u00e8re irr\u00e9versible produit, en cas d\u2019erreur judiciaire, l\u2019effet contraire \u00e0 l\u2019id\u00e9e m\u00eame de la justice.<\/p>\n<p class=\"p3\"><span class=\"s1\">Consid\u00e9r\u00e9e loin des logiques politiques ou religieuses, l\u2019abolition de la peine de mort ne constitue ni un d\u00e9ni de justice ni un appel \u00e0 l\u2019impunit\u00e9. C\u2019est l\u2019aspiration l\u00e9gitime \u00e0 une justice humaine dans laquelle le respect du droit intangible \u00e0 la vie n\u2019est pas sacrifi\u00e9 au nom de la sentence exemplaire. Car, disait Desmond Tutu, prix Nobel de la paix en 1984, <em>\u00abil n\u2019y a pas de justice dans le fait de tuer au nom de la justice\u00bb.<\/em><\/span><\/p>\n<p><span class=\"post-views-label\">Post Views:<\/span> <span class=\"post-views-count\">662<\/span><\/p>\n<p><br class=\"c4\"\/><\/p>\n<p>Auteur: Anis Khecheba<br \/>\n<a href=\"https:\/\/www.elwatan.com\/edition\/contributions\/contribution-abolition-de-la-peine-de-mort-des-raisons-desperer-10-10-2019\">Cliquez ici pour lire l&rsquo;article depuis sa source.<\/a><\/p>\n","protected":false},"excerpt":{"rendered":"<p>(S. E. M John O\u2019Rourke. Ambassadeur\/chef de la d\u00e9l\u00e9gation de l\u2019Union europ\u00e9enne en Alg\u00e9rie) La c\u00e9l\u00e9bration de la Journ\u00e9e europ\u00e9enne et mondiale contre la peine de mort le 10 octobre de chaque ann\u00e9e est une occasion pour faire le bilan des efforts et du chemin parcouru par les d\u00e9fenseurs de la cause abolitionniste. Et nous [&hellip;]<\/p>\n","protected":false},"author":1743,"featured_media":63968,"comment_status":"closed","ping_status":"closed","sticky":false,"template":"","format":"standard","meta":{"fifu_image_url":"","fifu_image_alt":"","footnotes":""},"categories":[73,53],"tags":[],"class_list":["post-63967","post","type-post","status-publish","format-standard","has-post-thumbnail","hentry","category-actualite","category-algerie"],"_links":{"self":[{"href":"https:\/\/linitiative.ca\/International\/wp-json\/wp\/v2\/posts\/63967","targetHints":{"allow":["GET"]}}],"collection":[{"href":"https:\/\/linitiative.ca\/International\/wp-json\/wp\/v2\/posts"}],"about":[{"href":"https:\/\/linitiative.ca\/International\/wp-json\/wp\/v2\/types\/post"}],"author":[{"embeddable":true,"href":"https:\/\/linitiative.ca\/International\/wp-json\/wp\/v2\/users\/1743"}],"replies":[{"embeddable":true,"href":"https:\/\/linitiative.ca\/International\/wp-json\/wp\/v2\/comments?post=63967"}],"version-history":[{"count":0,"href":"https:\/\/linitiative.ca\/International\/wp-json\/wp\/v2\/posts\/63967\/revisions"}],"wp:featuredmedia":[{"embeddable":true,"href":"https:\/\/linitiative.ca\/International\/wp-json\/"}],"wp:attachment":[{"href":"https:\/\/linitiative.ca\/International\/wp-json\/wp\/v2\/media?parent=63967"}],"wp:term":[{"taxonomy":"category","embeddable":true,"href":"https:\/\/linitiative.ca\/International\/wp-json\/wp\/v2\/categories?post=63967"},{"taxonomy":"post_tag","embeddable":true,"href":"https:\/\/linitiative.ca\/International\/wp-json\/wp\/v2\/tags?post=63967"}],"curies":[{"name":"wp","href":"https:\/\/api.w.org\/{rel}","templated":true}]}}