{"id":63969,"date":"2019-10-10T05:04:28","date_gmt":"2019-10-10T09:04:28","guid":{"rendered":"https:\/\/linitiative.ca\/International\/ils-sont-plus-dune-centaine-a-croupir-dans-les-prisons-les-detenus-leaders-symboliques-du-hirak\/"},"modified":"2019-10-10T05:04:28","modified_gmt":"2019-10-10T09:04:28","slug":"ils-sont-plus-dune-centaine-a-croupir-dans-les-prisons-les-detenus-leaders-symboliques-du-hirak","status":"publish","type":"post","link":"https:\/\/linitiative.ca\/International\/ils-sont-plus-dune-centaine-a-croupir-dans-les-prisons-les-detenus-leaders-symboliques-du-hirak\/","title":{"rendered":"Ils sont plus d\u2019une centaine \u00e0 croupir dans les prisons : Les d\u00e9tenus, leaders symboliques du hirak"},"content":{"rendered":"<h4 class=\"title-14\"\/>\n<div class=\"featured_image\"><img width=\"1000\" height=\"669\" data-cfsrc=\"https:\/\/www.elwatan.com\/wp-content\/uploads\/2019\/10\/detenus-col.gif\" class=\"attachment-post-thumbnail size-post-thumbnail wp-post-image c2\" alt=\"Ils sont plus d'une centaine \u00e0 croupir dans les prisons : Les d\u00e9tenus, leaders symboliques du hirak\"\/><noscript><\/p>\n<p><img loading=\"lazy\" decoding=\"async\" width=\"1000\" height=\"669\" src=\"https:\/\/www.elwatan.com\/wp-content\/uploads\/2019\/10\/detenus-col.gif\" class=\"attachment-post-thumbnail size-post-thumbnail wp-post-image\" alt=\"Ils sont plus d'une centaine \u00e0 croupir dans les prisons : Les d\u00e9tenus, leaders symboliques du hirak\"\/><\/p>\n<p><\/noscript><\/div>\n<p class=\"p4\"><span class=\"s1\"><strong>Depuis le d\u00e9but du hirak \u00e0 aujourd\u2019hui, on en est facilement \u00e0 une centaine de prisonniers d\u2019opinion, un chiffre qui est appel\u00e9, on en a bien peur, \u00e0 augmenter, \u00e0 en juger par la c\u00e9l\u00e9rit\u00e9 et la fr\u00e9n\u00e9sie avec lesquelles la justice et son bras s\u00e9curitaire arr\u00eatent et jettent les activistes en prison, \u00e0 tour de bras.<\/strong><\/span><\/p>\n<p class=\"p4\"><span class=\"s1\">I<\/span>l ne se passe quasiment pas de jour sans qu\u2019une nouvelle arrestation, une nouvelle rafle, ne soit op\u00e9r\u00e9e \u00e0 l\u2019encontre de figures embl\u00e9matiques du hirak et autres manifestants pacifiques dont le seul tort est d\u2019avoir cru au r\u00eave du 22 F\u00e9vrier. Et depuis l\u2019annonce de l\u2019\u00e9ch\u00e9ance du 12 d\u00e9cembre, l\u2019arbitraire a redoubl\u00e9 de f\u00e9rocit\u00e9.<\/p>\n<p class=\"p7\">Le r\u00e9gime entend d\u00e9sormais s\u00e9vir, veut frapper les esprits, sonner la \u00abfin de la r\u00e9cr\u00e9\u00bb. Il ne supporterait pas un troisi\u00e8me report de l\u2019\u00e9lection pr\u00e9sidentielle et le fait savoir.<\/p>\n<p class=\"p7\">D\u00e8s lors, la r\u00e9pression s\u2019abat de toutes ses forces sur le mouvement populaire, et le mot \u00absilmiya\u00bb prend plus que jamais son sens quand on consid\u00e8re l\u2019ampleur du mal qui est fait au hirak sans que les Alg\u00e9riens se d\u00e9partissent une seule fois de leur sto\u00efque credo et le principe cardinal de la non-violence.<\/p>\n<p class=\"p7\">Aujourd\u2019hui, on en est facilement \u00e0 une centaine de prisonniers d\u2019opinion, un chiffre qui est appel\u00e9, on en a bien peur, \u00e0 augmenter, \u00e0 en juger par la c\u00e9l\u00e9rit\u00e9 et la fr\u00e9n\u00e9sie avec lesquelles la justice et son bras s\u00e9curitaire arr\u00eatent et jettent les activistes en prison, \u00e0 tour de bras.<\/p>\n<p class=\"p7\">On assiste \u00e0 une v\u00e9ritable \u00abchasse \u00e0 l\u2019homme\u00bb, des \u00abkidnappings\u00bb en bonne et due forme, selon la formule du CNLD, le Comit\u00e9 national pour la lib\u00e9ration des d\u00e9tenus.<\/p>\n<p class=\"p7\">Entre \u00e9motion et stupeur, les hirakistes subissent cette campagne avec une vive inqui\u00e9tude. C\u2019est un s\u00e9rieux coup port\u00e9 au moral. Mais ils sont loin de s\u2019avouer vaincus et leur d\u00e9termination est intacte.<\/p>\n<p class=\"p7\">En t\u00e9moigne l\u2019ardeur des manifs, qui ont continu\u00e9 et m\u00eame redoubl\u00e9 d\u2019intensit\u00e9, ont travers\u00e9 l\u2019\u00e9t\u00e9 sans faillir, malgr\u00e9 les vagues d\u2019arrestation du 21 et 28 juin, et les semaines qui ont suivi. De leur c\u00f4t\u00e9, les d\u00e9tenus ont toujours affich\u00e9 un moral d\u2019acier. C\u2019est d\u2019ailleurs la premi\u00e8re chose que tiennent souvent \u00e0 souligner leurs familles et leurs avocats.<\/p>\n<p class=\"p9\"><strong>Des h\u00e9ros de la R\u00e9volution aux images des d\u00e9tenus<\/strong><\/p>\n<p class=\"p9\">Force est de constater que cette campagne, qui m\u00eale rafles \u00e0 l\u2019aveugle et arrestations cibl\u00e9es, a produit l\u2019inverse de l\u2019effet escompt\u00e9. Loin de t\u00e9taniser le mouvement, d\u2019emp\u00eacher les Alg\u00e9riens de sortir dans la rue ou de les amener \u00e0 surveiller leurs propos sur les r\u00e9seaux sociaux maintenant que les flics s\u2019autorisent \u00e0 fouiller leurs comptes Facebook, cette exp\u00e9dition punitive n\u2019a fait qu\u2019attiser le feu de la contestation.<\/p>\n<p class=\"p7\">Par ailleurs, les portraits des d\u00e9tenus brandis dans les manifs laissent la forte impression qu\u2019ils sont devenus des leaders symboliques du hirak et ses ic\u00f4nes affectives. Aux premi\u00e8res semaines du soul\u00e8vement, les manifestants s\u2019en remettaient surtout aux h\u00e9ros de la R\u00e9volution et l\u2019iconographie des chouhada en guise de symboles et de rep\u00e8res : Ben M\u2019hidi, Abane, Didouche Mourad, Hassiba Ben Bouali, le Colonel Amirouche\u2026<\/p>\n<p class=\"p7\">Ils estimaient comme de juste que le mouvement du 22 F\u00e9vrier s\u2019inscrive en droite ligne du combat anticolonial, comme cela a \u00e9t\u00e9 exprim\u00e9 avec \u00e9clat lors du 20<sup>e<\/sup> vendredi du hirak, qui tombait un 5 juillet. Un slogan largement repris ce jour-l\u00e0 disait : \u00ab5 juillet 1962 : lib\u00e9ration de la patrie ; 5 juillet 2019 : lib\u00e9ration du peuple\u00bb.<\/p>\n<p class=\"p7\">Au fil des semaines, de nouveaux visages \u00e9taient arbor\u00e9s par les manifestants et venaient ainsi c\u00f4toyer ceux des h\u00e9ros de la R\u00e9volution. De nouveaux noms venaient prolonger la liste des martyrs pour une Alg\u00e9rie lib\u00e9r\u00e9e de tous les jougs : Hassan Benkhedda, Ramzi Yettou, D<sup>r<\/sup>\u00a0Kamel Eddine Fekhar\u2026<\/p>\n<p class=\"p7\">Et depuis la vague d\u2019arrestations du 21 et du 28 juin contre les porteurs du drapeau amazigh, et celle du 29 juin contre le moudjahid Lakhdar Bourega\u00e2, les d\u00e9tenus d\u2019opinion sont \u00e9rig\u00e9s en v\u00e9ritables h\u00e9ros de la r\u00e9volution citoyenne.<\/p>\n<p class=\"p7\">R\u00e9guli\u00e8rement, les visuels \u00e0 l\u2019effigie de Messaoud Leftissi, Samira Messouci, Amine Ould Taleb, Amokrane Chalal, Bilal Bacha\u2026 sont fi\u00e8rement port\u00e9s au pinacle. Et cela a continu\u00e9 de semaine en semaine, jusqu\u2019\u00e0 produire une fresque, une mosa\u00efque, composant une sorte de photographie du mouvement populaire en miniature.<\/p>\n<p class=\"p7\">En prenant pour cible les \u00e9l\u00e9ments les plus actifs au sein du hirak, ces arrestations semblent les d\u00e9signer indirectement comme des t\u00eates d\u2019affiche du mouvement. Parmi eux, il y en a qui feraient d\u2019ailleurs d\u2019excellents leaders populaires. C\u2019est une situation pour le moins paradoxale dans la mesure o\u00f9 le hirak a toujours refus\u00e9 de se doter d\u2019un leadership.<\/p>\n<p class=\"p7\">D\u2019aucuns estiment que la force justement de ce soul\u00e8vement in\u00e9dit est qu\u2019il n\u2019a pas de t\u00eate. Pas de chef qui pourrait \u00eatre \u00abachet\u00e9\u00bb ou \u00abd\u00e9capit\u00e9\u00bb, en pensant ainsi affaiblir le mouvement.<\/p>\n<p class=\"p7\">Cela n\u2019enl\u00e8ve rien au fait que les prisonniers politiques et les d\u00e9tenus d\u2019opinion, comme dans tous les grands mouvements populaires, ont une place particuli\u00e8re dans la m\u00e9moire collective, la m\u00e9moire des luttes. Ils cristallisent un id\u00e9al et donnent \u00e0 la d\u00e9votion militante un corps, un visage.<\/p>\n<p class=\"p9\"><strong>Nos Bachir Hadj Ali d\u2019aujourd\u2019hui<\/strong><\/p>\n<p class=\"p7\">C\u2019est connu : dans l\u2019histoire de tous les mouvements de lib\u00e9ration, des mouvements politiques fondateurs, la \u00abcase prison\u00bb, faite \u00e0 la base pour casser ces mouvements, est un foyer incandescent qui attise la flamme de la contestation et nourrit la foi dans le combat et dans la cause.<\/p>\n<p class=\"p7\">Il suffit de m\u00e9diter la place qu\u2019occupent dans notre m\u00e9moire collective les 24 d\u00e9tenus du Printemps berb\u00e8re, et qui sont devenus des mod\u00e8les, des mentors, pour des g\u00e9n\u00e9rations de militants, \u00e0 l\u2019image de Djamel Zenati, Sa\u00efd Sadi, Sa\u00efd Khelil, Mustapha Bacha, Rachid Halet, Arezki A\u00eft Larbi\u2026<\/p>\n<p class=\"p7\">Les Samira Messouci, Messaoud Leftissi, Hakim Addad, Djalal Mokrani, Karim Tabbou, Samir Belarbi, Fodil Boumala et tous les autres prisonniers priv\u00e9s injustement de l\u2019affection des leurs, sont nos Bachir Hadj Ali d\u2019aujourd\u2019hui, nos Mandela, Nazim Hikmet, Anna Greki, Antonio Gramsci, Louisette Ighilahriz, St\u00e9phane Hessel, Mohamed Benchicou\u2026<\/p>\n<p class=\"p7\">Loin d\u2019\u00eatre oubli\u00e9s dans leur trou, ces grands r\u00e9sistants ont \u00e9t\u00e9 c\u00e9l\u00e9br\u00e9s comme des combattants de la dignit\u00e9 humaine. Leur engagement est un chant prom\u00e9th\u00e9en qui a donn\u00e9 \u00e0 la marche universelle des peuples vers la justice, vers la libert\u00e9, son sens le plus profond et sa plus fid\u00e8le incarnation.<\/p>\n<p class=\"p7\">Le peuple du hirak s\u2019identifie d\u00e9sormais \u00e0 ces nouvelles victimes de l\u2019arbitraire, \u00e0 leur combat, et trouve dans leur engagement, leur sacrifice, leur bravoure, leur abn\u00e9gation, une source d\u2019inspiration et de courage infinie. Avec un zeste de marketing r\u00e9volutionnaire, on appelait ce souffle ardent qui nous soul\u00e8ve \u00abla r\u00e9volution du Sourire\u00bb.<\/p>\n<p class=\"p7\">Quand on regarde le visage fraternel de ces militants injustement incarc\u00e9r\u00e9s, irradiant la paix et la bont\u00e9 autour d\u2019eux, on ne peut s\u2019emp\u00eacher de penser au sourire de Ben M\u2019hidi narguant ses bourreaux. Oui, ils nous font penser \u00e0 ce sourire-l\u00e0, cette assurance des \u00e2mes justes.<\/p>\n<p class=\"p7\">Aux t\u00e9moignages \u00e9mouvants qu\u2019ils ont inspir\u00e9s, on comprend tr\u00e8s vite que ce sont des \u00eatres d\u2019exception \u00e0 qui l\u2019on devrait confier les cl\u00e9s de notre ch\u00e8re Alg\u00e9rie plut\u00f4t que d\u2019\u00eatre jet\u00e9s vulgairement dans les ge\u00f4les inf\u00e2mes de la dictature. Parmi les nombreux messages qui leur ont \u00e9t\u00e9 adress\u00e9s en guise de solidaire, celui de Abdelkrim Boudra, du collectif Nabni, nous a particuli\u00e8rement touch\u00e9s.<\/p>\n<p class=\"p7\">Accompagnant son message post\u00e9 sur Facebook des doux portraits de Hakim Addad, Samir Belarbi, Karim Tabbou, Fodil Boumala et Sa\u00efd Boudour, il \u00e9crit \u00a0: <em>\u00abCe n\u2019est pas parce que vous n\u2019\u00eates pas l\u00e0 que vous n\u2019\u00eates plus l\u00e0.<\/em><\/p>\n<p class=\"p7\"><em>Bien au contraire. Vos noms r\u00e9sonnent, comme jamais, aux quatre coins du pays. Et comme l\u2019a dit en 1952 le grand po\u00e8te Nazim Hikmet \u00e0 vos a\u00een\u00e9s emprisonn\u00e9s par le colonisateur : \u00a0\u00bbLa prison ne peut rien contre la solidarit\u00e9 du peuple alg\u00e9rien et de vos fr\u00e8res du monde entier.<\/em><\/p>\n<p class=\"p7\"><em>Vous \u00eates parmi nous. Votre peuple et des millions de gens, avec leurs cris de lutte, avec leur espoir, avec leur victoire, sont, croyez-moi, dans vos cellules.\u00a0\u00bb A toutes nos s\u0153urs et nos fr\u00e8res, sans exception aucune, aujourd\u2019hui emprisonn\u00e9s arbitrairement, je dis toute ma solidarit\u00e9. Nous sommes fiers de vous.\u00bb<br \/><\/em><\/p>\n<p><span class=\"post-views-label\">Post Views:<\/span> <span class=\"post-views-count\">1\u00a0381<\/span><\/p>\n<p><br class=\"c4\"\/><\/p>\n<p>Auteur: Anis Khecheba<br \/>\n<a href=\"https:\/\/www.elwatan.com\/edition\/actualite\/les-detenus-leaders-symboliques-du-hirak-10-10-2019\">Cliquez ici pour lire l&rsquo;article depuis sa source.<\/a><\/p>\n","protected":false},"excerpt":{"rendered":"<p>Depuis le d\u00e9but du hirak \u00e0 aujourd\u2019hui, on en est facilement \u00e0 une centaine de prisonniers d\u2019opinion, un chiffre qui est appel\u00e9, on en a bien peur, \u00e0 augmenter, \u00e0 en juger par la c\u00e9l\u00e9rit\u00e9 et la fr\u00e9n\u00e9sie avec lesquelles la justice et son bras s\u00e9curitaire arr\u00eatent et jettent les activistes en prison, \u00e0 tour [&hellip;]<\/p>\n","protected":false},"author":1743,"featured_media":63970,"comment_status":"closed","ping_status":"closed","sticky":false,"template":"","format":"standard","meta":{"fifu_image_url":"","fifu_image_alt":"","footnotes":""},"categories":[73,53],"tags":[],"class_list":["post-63969","post","type-post","status-publish","format-standard","has-post-thumbnail","hentry","category-actualite","category-algerie"],"_links":{"self":[{"href":"https:\/\/linitiative.ca\/International\/wp-json\/wp\/v2\/posts\/63969","targetHints":{"allow":["GET"]}}],"collection":[{"href":"https:\/\/linitiative.ca\/International\/wp-json\/wp\/v2\/posts"}],"about":[{"href":"https:\/\/linitiative.ca\/International\/wp-json\/wp\/v2\/types\/post"}],"author":[{"embeddable":true,"href":"https:\/\/linitiative.ca\/International\/wp-json\/wp\/v2\/users\/1743"}],"replies":[{"embeddable":true,"href":"https:\/\/linitiative.ca\/International\/wp-json\/wp\/v2\/comments?post=63969"}],"version-history":[{"count":0,"href":"https:\/\/linitiative.ca\/International\/wp-json\/wp\/v2\/posts\/63969\/revisions"}],"wp:featuredmedia":[{"embeddable":true,"href":"https:\/\/linitiative.ca\/International\/wp-json\/"}],"wp:attachment":[{"href":"https:\/\/linitiative.ca\/International\/wp-json\/wp\/v2\/media?parent=63969"}],"wp:term":[{"taxonomy":"category","embeddable":true,"href":"https:\/\/linitiative.ca\/International\/wp-json\/wp\/v2\/categories?post=63969"},{"taxonomy":"post_tag","embeddable":true,"href":"https:\/\/linitiative.ca\/International\/wp-json\/wp\/v2\/tags?post=63969"}],"curies":[{"name":"wp","href":"https:\/\/api.w.org\/{rel}","templated":true}]}}